{"id":164717,"date":"2024-11-10T09:38:47","date_gmt":"2024-11-10T13:38:47","guid":{"rendered":"https:\/\/bobvarela.com\/?p=164717"},"modified":"2024-11-10T09:38:47","modified_gmt":"2024-11-10T13:38:47","slug":"wilberto-prez-presento-su-coleccin-dreaming-in-the-deep-en-el-west-fashion-week-2024","status":"publish","type":"post","link":"https:\/\/bobvarela.com\/?p=164717","title":{"rendered":"Wilberto P&eacute;rez presento su colecci&oacute;n Dreaming in the Deep en el West Fashion Week 2024"},"content":{"rendered":"<p align=\"justify\"><font size=\"3\">Luego de su existosa presentacion en Nueva York y en Paris, el dise\u00f1ador Wilberto P\u00e9rez presento su coleccion Dreaming in the Deep en el West Fashion Week 2024, una colecci\u00f3n tiene como objetivo evocar la sensaci\u00f3n de estar inmerso en un mundo submarino. Parecido a un mosaico, lleno de visiones on\u00edricas inspiradas en la arquitectura de Gaud\u00ed.<\/font><\/p>\n<p align=\"justify\"><font size=\"3\">En esta colecci\u00f3n se despliega una exquisita selecci\u00f3n de tejidos, donde destacan organzas et\u00e9reas, delicados chiffones, lujosos mikados, opulentos brocados y telas de efecto tornasolado y reflectante. La paleta crom\u00e1tica evoca un paisaje de ensue\u00f1o, dominado por tonos profundos de azul y verde, sutilmente realzados por acentos vibrantes en magenta y destellos dorados.<\/font><\/p>\n<p align=\"justify\"><strong><font size=\"3\">ngg_shortcode_0_placeholder<\/font><\/strong><\/p>\n","protected":false},"excerpt":{"rendered":"<p>Luego de su existosa presentacion en Nueva York y en Paris, el dise\u00f1ador Wilberto P\u00e9rez presento su coleccion Dreaming in the Deep en el West Fashion Week 2024, una colecci\u00f3n tiene como objetivo evocar la sensaci\u00f3n de estar inmerso en&hellip;<\/p>\n<p class=\"more-link-p\"><a class=\"more-link\" href=\"https:\/\/bobvarela.com\/?p=164717\">Read more &rarr;<\/a><\/p>\n","protected":false},"author":1,"featured_media":0,"comment_status":"open","ping_status":"open","sticky":false,"template":"","format":"standard","meta":{"ngg_post_thumbnail":0,"footnotes":""},"categories":[4,295,503],"tags":[],"class_list":["post-164717","post","type-post","status-publish","format-standard","hentry","category-moda","category-puerto-rico","category-west"],"_links":{"self":[{"href":"https:\/\/bobvarela.com\/index.php?rest_route=\/wp\/v2\/posts\/164717","targetHints":{"allow":["GET"]}}],"collection":[{"href":"https:\/\/bobvarela.com\/index.php?rest_route=\/wp\/v2\/posts"}],"about":[{"href":"https:\/\/bobvarela.com\/index.php?rest_route=\/wp\/v2\/types\/post"}],"author":[{"embeddable":true,"href":"https:\/\/bobvarela.com\/index.php?rest_route=\/wp\/v2\/users\/1"}],"replies":[{"embeddable":true,"href":"https:\/\/bobvarela.com\/index.php?rest_route=%2Fwp%2Fv2%2Fcomments&post=164717"}],"version-history":[{"count":1,"href":"https:\/\/bobvarela.com\/index.php?rest_route=\/wp\/v2\/posts\/164717\/revisions"}],"predecessor-version":[{"id":164718,"href":"https:\/\/bobvarela.com\/index.php?rest_route=\/wp\/v2\/posts\/164717\/revisions\/164718"}],"wp:attachment":[{"href":"https:\/\/bobvarela.com\/index.php?rest_route=%2Fwp%2Fv2%2Fmedia&parent=164717"}],"wp:term":[{"taxonomy":"category","embeddable":true,"href":"https:\/\/bobvarela.com\/index.php?rest_route=%2Fwp%2Fv2%2Fcategories&post=164717"},{"taxonomy":"post_tag","embeddable":true,"href":"https:\/\/bobvarela.com\/index.php?rest_route=%2Fwp%2Fv2%2Ftags&post=164717"}],"curies":[{"name":"wp","href":"https:\/\/api.w.org\/{rel}","templated":true}]}}