{"id":164826,"date":"2024-11-15T06:12:48","date_gmt":"2024-11-15T10:12:48","guid":{"rendered":"https:\/\/bobvarela.com\/?p=164826"},"modified":"2024-11-15T06:12:48","modified_gmt":"2024-11-15T10:12:48","slug":"fairytales-2024-primer-acto-de-juan-colon","status":"publish","type":"post","link":"https:\/\/bobvarela.com\/?p=164826","title":{"rendered":"Fairytales 2024 Primer Acto de Juan Colon"},"content":{"rendered":"<p align=\"center\"><a href=\"https:\/\/bobvarela.com\/wp-content\/uploads\/2024\/11\/IMG_1812.jpg\"><img loading=\"lazy\" decoding=\"async\" width=\"447\" height=\"300\" title=\"IMG_1812\" style=\"display: inline; background-image: none;\" alt=\"IMG_1812\" src=\"https:\/\/bobvarela.com\/wp-content\/uploads\/2024\/11\/IMG_1812_thumb.jpg\" border=\"0\"\/><\/a><\/p>\n<p align=\"justify\">El 13 de noviembre, en <font size=\"3\">El Museo Arsenal de la Puntilla en Viejo San Juan fue el&nbsp; escenario del desfile Fairytales TW 2024 Primer Acto, bajo el marco de la plataforma San Juan Moda,&nbsp; donde el dise\u00f1ador Juan Colon, presento su nueva propuesta de moda en celebraci\u00f3n de sus 25 a\u00f1os en la industria. El desfile contin\u00faa la l\u00ednea de la inclusi\u00f3n presentando en pasarela gente real, de estatura promedio, ni\u00f1os, damas, caballeros, curvy-plus, no binarios entre otros.<br \/>\nLa propuesta del dise\u00f1ador Juan Colon, estuvo inspirada en las Hadas de cuentos y este primer acto sera protagonizado por las hadas buenas, representadas en los colores verdes, azules, violetas y blanco. Este primer acto prestara la inocencia, pureza e ilusi\u00f3n de ese mundo de fantas\u00eda con la que se crece durante la ni\u00f1ez.<br \/>\nEl look de los modelos fue complementado con el arreglo de Myrta V\u00e9lez y su crew del MVO Pro Makeup, los peinados por Myrangel Beauty Institute y carteras de Novus Shoes. <\/font><\/p>\n<p align=\"justify\"><strong>ngg_shortcode_0_placeholder<\/strong><font size=\"3\"><br \/>\n<\/font><\/p>\n","protected":false},"excerpt":{"rendered":"<p>El 13 de noviembre, en El Museo Arsenal de la Puntilla en Viejo San Juan fue el&nbsp; escenario del desfile Fairytales TW 2024 Primer Acto, bajo el marco de la plataforma San Juan Moda,&nbsp; donde el dise\u00f1ador Juan Colon, presento&hellip;<\/p>\n<p class=\"more-link-p\"><a class=\"more-link\" href=\"https:\/\/bobvarela.com\/?p=164826\">Read more &rarr;<\/a><\/p>\n","protected":false},"author":1,"featured_media":0,"comment_status":"open","ping_status":"open","sticky":false,"template":"","format":"standard","meta":{"ngg_post_thumbnail":0,"footnotes":""},"categories":[4,295],"tags":[],"class_list":["post-164826","post","type-post","status-publish","format-standard","hentry","category-moda","category-puerto-rico"],"_links":{"self":[{"href":"https:\/\/bobvarela.com\/index.php?rest_route=\/wp\/v2\/posts\/164826","targetHints":{"allow":["GET"]}}],"collection":[{"href":"https:\/\/bobvarela.com\/index.php?rest_route=\/wp\/v2\/posts"}],"about":[{"href":"https:\/\/bobvarela.com\/index.php?rest_route=\/wp\/v2\/types\/post"}],"author":[{"embeddable":true,"href":"https:\/\/bobvarela.com\/index.php?rest_route=\/wp\/v2\/users\/1"}],"replies":[{"embeddable":true,"href":"https:\/\/bobvarela.com\/index.php?rest_route=%2Fwp%2Fv2%2Fcomments&post=164826"}],"version-history":[{"count":1,"href":"https:\/\/bobvarela.com\/index.php?rest_route=\/wp\/v2\/posts\/164826\/revisions"}],"predecessor-version":[{"id":164827,"href":"https:\/\/bobvarela.com\/index.php?rest_route=\/wp\/v2\/posts\/164826\/revisions\/164827"}],"wp:attachment":[{"href":"https:\/\/bobvarela.com\/index.php?rest_route=%2Fwp%2Fv2%2Fmedia&parent=164826"}],"wp:term":[{"taxonomy":"category","embeddable":true,"href":"https:\/\/bobvarela.com\/index.php?rest_route=%2Fwp%2Fv2%2Fcategories&post=164826"},{"taxonomy":"post_tag","embeddable":true,"href":"https:\/\/bobvarela.com\/index.php?rest_route=%2Fwp%2Fv2%2Ftags&post=164826"}],"curies":[{"name":"wp","href":"https:\/\/api.w.org\/{rel}","templated":true}]}}