{"id":164864,"date":"2024-11-15T06:27:57","date_gmt":"2024-11-15T10:27:57","guid":{"rendered":"https:\/\/bobvarela.com\/?p=164864"},"modified":"2024-11-15T06:27:57","modified_gmt":"2024-11-15T10:27:57","slug":"coleccin-la-vie-en-rose-de-valdy","status":"publish","type":"post","link":"https:\/\/bobvarela.com\/?p=164864","title":{"rendered":"Colecci&oacute;n &ldquo;La vie en rose&rdquo; de Valdy"},"content":{"rendered":"<p align=\"justify\"><font size=\"3\">\u201cLa vie en rose\u201d, presentado por Valdy el 13 de noviembre, es una colecci\u00f3n inspirada en el color rosa que se conecta con la lucha de las personas con c\u00e1ncer de seno. Su lucha inspir\u00f3 la colecci\u00f3n, la cual fue presentada inicialmente en una gala a beneficio de la Fundaci\u00f3n Dra. Edna Zaida L\u00f3pez L\u00f3pez, llamada \u201cFashion for the cure\u201d producida por Laura Ortiz, estudiante de Medicina.<\/font> <\/p>\n<p><font size=\"3\">La colecci\u00f3n es una muestra de varias tonalidades de rosa complementadas con tonos blancos, plateados y dorados. Las siluetas son cl\u00e1sicas, elegantes y con una chispa de sensualidad.<\/font><\/p>\n<p><strong>ngg_shortcode_0_placeholder<\/strong><\/p>\n","protected":false},"excerpt":{"rendered":"<p>\u201cLa vie en rose\u201d, presentado por Valdy el 13 de noviembre, es una colecci\u00f3n inspirada en el color rosa que se conecta con la lucha de las personas con c\u00e1ncer de seno. Su lucha inspir\u00f3 la colecci\u00f3n, la cual fue&hellip;<\/p>\n<p class=\"more-link-p\"><a class=\"more-link\" href=\"https:\/\/bobvarela.com\/?p=164864\">Read more &rarr;<\/a><\/p>\n","protected":false},"author":1,"featured_media":0,"comment_status":"open","ping_status":"open","sticky":false,"template":"","format":"standard","meta":{"ngg_post_thumbnail":0,"footnotes":""},"categories":[4,295],"tags":[],"class_list":["post-164864","post","type-post","status-publish","format-standard","hentry","category-moda","category-puerto-rico"],"_links":{"self":[{"href":"https:\/\/bobvarela.com\/index.php?rest_route=\/wp\/v2\/posts\/164864","targetHints":{"allow":["GET"]}}],"collection":[{"href":"https:\/\/bobvarela.com\/index.php?rest_route=\/wp\/v2\/posts"}],"about":[{"href":"https:\/\/bobvarela.com\/index.php?rest_route=\/wp\/v2\/types\/post"}],"author":[{"embeddable":true,"href":"https:\/\/bobvarela.com\/index.php?rest_route=\/wp\/v2\/users\/1"}],"replies":[{"embeddable":true,"href":"https:\/\/bobvarela.com\/index.php?rest_route=%2Fwp%2Fv2%2Fcomments&post=164864"}],"version-history":[{"count":1,"href":"https:\/\/bobvarela.com\/index.php?rest_route=\/wp\/v2\/posts\/164864\/revisions"}],"predecessor-version":[{"id":164865,"href":"https:\/\/bobvarela.com\/index.php?rest_route=\/wp\/v2\/posts\/164864\/revisions\/164865"}],"wp:attachment":[{"href":"https:\/\/bobvarela.com\/index.php?rest_route=%2Fwp%2Fv2%2Fmedia&parent=164864"}],"wp:term":[{"taxonomy":"category","embeddable":true,"href":"https:\/\/bobvarela.com\/index.php?rest_route=%2Fwp%2Fv2%2Fcategories&post=164864"},{"taxonomy":"post_tag","embeddable":true,"href":"https:\/\/bobvarela.com\/index.php?rest_route=%2Fwp%2Fv2%2Ftags&post=164864"}],"curies":[{"name":"wp","href":"https:\/\/api.w.org\/{rel}","templated":true}]}}