{"id":164898,"date":"2024-11-18T19:32:54","date_gmt":"2024-11-18T23:32:54","guid":{"rendered":"https:\/\/bobvarela.com\/?p=164898"},"modified":"2024-11-18T19:32:54","modified_gmt":"2024-11-18T23:32:54","slug":"christian-reyes-mitchell-present-blooming-bodies-en-san-juan-moda","status":"publish","type":"post","link":"https:\/\/bobvarela.com\/?p=164898","title":{"rendered":"Christian Reyes-Mitchell  present&oacute; Blooming Bodies en San Juan Moda"},"content":{"rendered":"<p align=\"center\"><font size=\"3\"><a href=\"https:\/\/bobvarela.com\/wp-content\/uploads\/2024\/11\/IMG_1634.jpg\"><img loading=\"lazy\" decoding=\"async\" width=\"400\" height=\"328\" title=\"IMG_1634\" style=\"display: inline; background-image: none;\" alt=\"IMG_1634\" src=\"https:\/\/bobvarela.com\/wp-content\/uploads\/2024\/11\/IMG_1634_thumb.jpg\" border=\"0\"\/><\/a><\/font><\/p>\n<p align=\"justify\"><font size=\"3\">El 12 de noviembre como parte de las actividades de San Juan Moda el dise\u00f1ador Christian Reyes-Mitchell present\u00f3 su colecci\u00f3n titulado Blooming Bodies que&nbsp; est\u00e1 inspirada en el proceso de florecer personalmente. Narra como los seres humanos, atravesamos momentos que para bien o para mal, nos dejan una lecci\u00f3n y nos permiten florecer.<\/font><\/p>\n<p align=\"justify\"><strong>ngg_shortcode_0_placeholder<\/strong><\/p>\n","protected":false},"excerpt":{"rendered":"<p>El 12 de noviembre como parte de las actividades de San Juan Moda el dise\u00f1ador Christian Reyes-Mitchell present\u00f3 su colecci\u00f3n titulado Blooming Bodies que&nbsp; est\u00e1 inspirada en el proceso de florecer personalmente. Narra como los seres humanos, atravesamos momentos que&hellip;<\/p>\n<p class=\"more-link-p\"><a class=\"more-link\" href=\"https:\/\/bobvarela.com\/?p=164898\">Read more &rarr;<\/a><\/p>\n","protected":false},"author":1,"featured_media":0,"comment_status":"open","ping_status":"open","sticky":false,"template":"","format":"standard","meta":{"ngg_post_thumbnail":0,"footnotes":""},"categories":[4,295],"tags":[],"class_list":["post-164898","post","type-post","status-publish","format-standard","hentry","category-moda","category-puerto-rico"],"_links":{"self":[{"href":"https:\/\/bobvarela.com\/index.php?rest_route=\/wp\/v2\/posts\/164898","targetHints":{"allow":["GET"]}}],"collection":[{"href":"https:\/\/bobvarela.com\/index.php?rest_route=\/wp\/v2\/posts"}],"about":[{"href":"https:\/\/bobvarela.com\/index.php?rest_route=\/wp\/v2\/types\/post"}],"author":[{"embeddable":true,"href":"https:\/\/bobvarela.com\/index.php?rest_route=\/wp\/v2\/users\/1"}],"replies":[{"embeddable":true,"href":"https:\/\/bobvarela.com\/index.php?rest_route=%2Fwp%2Fv2%2Fcomments&post=164898"}],"version-history":[{"count":1,"href":"https:\/\/bobvarela.com\/index.php?rest_route=\/wp\/v2\/posts\/164898\/revisions"}],"predecessor-version":[{"id":164899,"href":"https:\/\/bobvarela.com\/index.php?rest_route=\/wp\/v2\/posts\/164898\/revisions\/164899"}],"wp:attachment":[{"href":"https:\/\/bobvarela.com\/index.php?rest_route=%2Fwp%2Fv2%2Fmedia&parent=164898"}],"wp:term":[{"taxonomy":"category","embeddable":true,"href":"https:\/\/bobvarela.com\/index.php?rest_route=%2Fwp%2Fv2%2Fcategories&post=164898"},{"taxonomy":"post_tag","embeddable":true,"href":"https:\/\/bobvarela.com\/index.php?rest_route=%2Fwp%2Fv2%2Ftags&post=164898"}],"curies":[{"name":"wp","href":"https:\/\/api.w.org\/{rel}","templated":true}]}}