{"id":165059,"date":"2024-11-25T08:15:47","date_gmt":"2024-11-25T12:15:47","guid":{"rendered":"https:\/\/bobvarela.com\/?p=165059"},"modified":"2024-11-25T08:15:47","modified_gmt":"2024-11-25T12:15:47","slug":"calle-40-presento-la-luz-de-carmen-2","status":"publish","type":"post","link":"https:\/\/bobvarela.com\/?p=165059","title":{"rendered":"Calle 40 presento &ldquo;La Luz de Carmen&rdquo;"},"content":{"rendered":"<p align=\"center\"><font size=\"3\"><a href=\"https:\/\/bobvarela.com\/wp-content\/uploads\/2024\/11\/IMG_1898-1.jpg\"><img loading=\"lazy\" decoding=\"async\" width=\"406\" height=\"273\" title=\"IMG_1898\" style=\"display: inline; background-image: none;\" alt=\"IMG_1898\" src=\"https:\/\/bobvarela.com\/wp-content\/uploads\/2024\/11\/IMG_1898_thumb.jpg\" border=\"0\"\/><\/a><\/font><\/p>\n<p><font size=\"3\">\u201cLa Luz de Carmen \u201d, presentado por Calle 40&nbsp; el 20 de noviembre, como parte de las actividades de la Noche Urbana de San Juan Moda&nbsp; es una&nbsp; colecci\u00f3n&nbsp; inspirada en la mujer resiliente, aquella que, sin importar las adversidades, siempre se levanta y enfrenta la vida. Crec\u00ed rodeado de mujeres trabajadoras que lo daban todo por el bienestar de su familia, y esta colecci\u00f3n est\u00e1 dedicada, en especial, a mi abuela: una mujer trabajadora, resiliente, atenta, bondadosa y dedicada.<\/font><\/p>\n<p><strong>ngg_shortcode_0_placeholder<\/strong><\/p>\n","protected":false},"excerpt":{"rendered":"<p>\u201cLa Luz de Carmen \u201d, presentado por Calle 40&nbsp; el 20 de noviembre, como parte de las actividades de la Noche Urbana de San Juan Moda&nbsp; es una&nbsp; colecci\u00f3n&nbsp; inspirada en la mujer resiliente, aquella que, sin importar las adversidades,&hellip;<\/p>\n<p class=\"more-link-p\"><a class=\"more-link\" href=\"https:\/\/bobvarela.com\/?p=165059\">Read more &rarr;<\/a><\/p>\n","protected":false},"author":1,"featured_media":0,"comment_status":"open","ping_status":"open","sticky":false,"template":"","format":"standard","meta":{"ngg_post_thumbnail":0,"footnotes":""},"categories":[4,295],"tags":[],"class_list":["post-165059","post","type-post","status-publish","format-standard","hentry","category-moda","category-puerto-rico"],"_links":{"self":[{"href":"https:\/\/bobvarela.com\/index.php?rest_route=\/wp\/v2\/posts\/165059","targetHints":{"allow":["GET"]}}],"collection":[{"href":"https:\/\/bobvarela.com\/index.php?rest_route=\/wp\/v2\/posts"}],"about":[{"href":"https:\/\/bobvarela.com\/index.php?rest_route=\/wp\/v2\/types\/post"}],"author":[{"embeddable":true,"href":"https:\/\/bobvarela.com\/index.php?rest_route=\/wp\/v2\/users\/1"}],"replies":[{"embeddable":true,"href":"https:\/\/bobvarela.com\/index.php?rest_route=%2Fwp%2Fv2%2Fcomments&post=165059"}],"version-history":[{"count":1,"href":"https:\/\/bobvarela.com\/index.php?rest_route=\/wp\/v2\/posts\/165059\/revisions"}],"predecessor-version":[{"id":165060,"href":"https:\/\/bobvarela.com\/index.php?rest_route=\/wp\/v2\/posts\/165059\/revisions\/165060"}],"wp:attachment":[{"href":"https:\/\/bobvarela.com\/index.php?rest_route=%2Fwp%2Fv2%2Fmedia&parent=165059"}],"wp:term":[{"taxonomy":"category","embeddable":true,"href":"https:\/\/bobvarela.com\/index.php?rest_route=%2Fwp%2Fv2%2Fcategories&post=165059"},{"taxonomy":"post_tag","embeddable":true,"href":"https:\/\/bobvarela.com\/index.php?rest_route=%2Fwp%2Fv2%2Ftags&post=165059"}],"curies":[{"name":"wp","href":"https:\/\/api.w.org\/{rel}","templated":true}]}}