{"id":165746,"date":"2025-01-22T05:14:53","date_gmt":"2025-01-22T09:14:53","guid":{"rendered":"https:\/\/bobvarela.com\/?p=165746"},"modified":"2025-01-22T05:14:53","modified_gmt":"2025-01-22T09:14:53","slug":"con-tan-solo-17-aos-el-talentoso-diseador-diego-borrero-junto-al-fashion-stylist-emmanuel-arroyo-ambos-ganadores-de-la-tercera-edicin-de-la-competencia-the-emerging-pue","status":"publish","type":"post","link":"https:\/\/bobvarela.com\/?p=165746","title":{"rendered":"Con tan solo 17 a&ntilde;os el talentoso dise&ntilde;ador Diego Borrero junto al fashion stylist Emmanuel Arroyo, ambos ganadores de la tercera edici&oacute;n de la competencia &ldquo;The Emerging Puerto Rico&rdquo; presentar&aacute; sus dise&ntilde;os en el New York Fashion Week."},"content":{"rendered":"<p align=\"justify\"><a href=\"https:\/\/bobvarela.com\/wp-content\/uploads\/2025\/01\/image.jpg\"><font size=\"3\"><img loading=\"lazy\" decoding=\"async\" width=\"191\" height=\"284\" title=\"image\" style=\"margin-right: auto; margin-left: auto; float: none; display: block; background-image: none;\" alt=\"image\" src=\"https:\/\/bobvarela.com\/wp-content\/uploads\/2025\/01\/image_thumb.png\" border=\"0\"\/><\/font><\/a><\/p>\n<p align=\"justify\"><font size=\"3\">Un joven lleno de sue\u00f1os, disciplinado y con un gran talento sorprendente a su corta edad, se prepara para una oportunidad \u00fanica en la gran Manzana. <\/font><\/p>\n<p align=\"justify\"><font size=\"3\">Su colecci\u00f3n llamada \u201cModern Royalty\u201d inspirada en una celebraci\u00f3n de la realeza en su forma m\u00e1s contempor\u00e1nea. Es una reinterpretaci\u00f3n audaz de la nobleza, combinando el lujo cl\u00e1sico con una visi\u00f3n fresca y vanguardista del siglo 21, siluetas estructuradas inspiradas en el vestuario de la aristocracia se combinan con tejidos fluidos y transl\u00facidos, que crean un juego de luz y sombra, entre lo visible y lo oculto. \u00c9sta colecci\u00f3n deleitar\u00e1 a una de las plataformas de moda del alto prestigio en la semana de la moda de New York como lo es Fashion Designers of Latin America conocido por sus siglas (FDLA). <\/font><\/p>\n<p align=\"justify\"><font size=\"3\">Esta colecci\u00f3n, en donde se detalla un arduo trabajo por la complejidad de sus piezas, dar\u00e1 una digna representaci\u00f3n del talento boricua que nos distingue. <i>\u201cLlevo meses trabajando fuertemente de la mano de mi \u201cfashion stylist: Emmanuel Arroyo quien al igual que yo, fuimos los ganadores de la competencia de \u201cThe Emerging\u201d 2024 en Expomoda Puerto Rico. Un viaje lleno de ilusiones y de gran responsabilidad de realizar un espect\u00e1culo de altura, digna representaci\u00f3n del talento boricua nos espera y s\u00e9 que esta gran experiencia tanto para m\u00ed como para Emmanuel ser\u00e1 muy importante en nuestras carreras como dise\u00f1ador y \u201cfashion stylist\u201d<\/i> nos dej\u00f3 saber el joven dise\u00f1ador Diego Borreo. El gran desfile se presentar\u00e1 en \u201c<i>Canoe studios<\/i>\u201d en la Ciudad de Nueva York el 9 de febrero de 2025. <\/font><\/p>\n<p align=\"justify\"><font size=\"3\">Grandes dise\u00f1adores de Latinoam\u00e9rica como lo es Agatha Ruiz de la Prada, Gianina Azar entre otros estar\u00e1n presentando junto a Diego Borrero. \u201c<i>Nos llena de gran orgullo educar, respaldar, promover y ser parte de la experiencia que a su corta edad estar\u00e1 viviendo Diego; Estoy comprometida en seguir aportando mi granito de arena junto a mi equipo de trabajo para que j\u00f3venes talentosos como Diego y Emmanuel tengan oportunidades reales y beneficiosas en sus carreras, al igual de seguir fomentando en la industria de la moda las herramientas id\u00f3neas para la evoluci\u00f3n de todos los integrantes de la moda puertorrique\u00f1a<\/i>\u201d, indic\u00f3 Zuleika Zayas quien es la fundadora de Puerto Rico Fashion Week (Ley N\u00fam 155-2024) y Expomoda Puerto Rico.<\/font><\/p>\n","protected":false},"excerpt":{"rendered":"<p>Un joven lleno de sue\u00f1os, disciplinado y con un gran talento sorprendente a su corta edad, se prepara para una oportunidad \u00fanica en la gran Manzana. Su colecci\u00f3n llamada \u201cModern Royalty\u201d inspirada en una celebraci\u00f3n de la realeza en su&hellip;<\/p>\n<p class=\"more-link-p\"><a class=\"more-link\" href=\"https:\/\/bobvarela.com\/?p=165746\">Read more &rarr;<\/a><\/p>\n","protected":false},"author":1,"featured_media":0,"comment_status":"open","ping_status":"open","sticky":false,"template":"","format":"standard","meta":{"ngg_post_thumbnail":0,"footnotes":""},"categories":[4],"tags":[],"class_list":["post-165746","post","type-post","status-publish","format-standard","hentry","category-moda"],"_links":{"self":[{"href":"https:\/\/bobvarela.com\/index.php?rest_route=\/wp\/v2\/posts\/165746","targetHints":{"allow":["GET"]}}],"collection":[{"href":"https:\/\/bobvarela.com\/index.php?rest_route=\/wp\/v2\/posts"}],"about":[{"href":"https:\/\/bobvarela.com\/index.php?rest_route=\/wp\/v2\/types\/post"}],"author":[{"embeddable":true,"href":"https:\/\/bobvarela.com\/index.php?rest_route=\/wp\/v2\/users\/1"}],"replies":[{"embeddable":true,"href":"https:\/\/bobvarela.com\/index.php?rest_route=%2Fwp%2Fv2%2Fcomments&post=165746"}],"version-history":[{"count":1,"href":"https:\/\/bobvarela.com\/index.php?rest_route=\/wp\/v2\/posts\/165746\/revisions"}],"predecessor-version":[{"id":165747,"href":"https:\/\/bobvarela.com\/index.php?rest_route=\/wp\/v2\/posts\/165746\/revisions\/165747"}],"wp:attachment":[{"href":"https:\/\/bobvarela.com\/index.php?rest_route=%2Fwp%2Fv2%2Fmedia&parent=165746"}],"wp:term":[{"taxonomy":"category","embeddable":true,"href":"https:\/\/bobvarela.com\/index.php?rest_route=%2Fwp%2Fv2%2Fcategories&post=165746"},{"taxonomy":"post_tag","embeddable":true,"href":"https:\/\/bobvarela.com\/index.php?rest_route=%2Fwp%2Fv2%2Ftags&post=165746"}],"curies":[{"name":"wp","href":"https:\/\/api.w.org\/{rel}","templated":true}]}}