{"id":165898,"date":"2025-01-27T06:05:24","date_gmt":"2025-01-27T10:05:24","guid":{"rendered":"https:\/\/bobvarela.com\/?p=165898"},"modified":"2025-01-27T06:05:24","modified_gmt":"2025-01-27T10:05:24","slug":"ami-otoo-invierno-2025-26","status":"publish","type":"post","link":"https:\/\/bobvarela.com\/?p=165898","title":{"rendered":"Ami Oto&ntilde;o Invierno 2025-26"},"content":{"rendered":"<p align=\"justify\"><font size=\"3\">Alexandre Mattiussi aport\u00f3 su realismo y facilidad caracter\u00edsticos a la colecci\u00f3n Oto\u00f1o-Invierno 2025-2026 de Ami, presentada en una oficina de correos desgastada que exudaba un encanto malhumorado. Acompa\u00f1ado por la conmovedora banda sonora de saxof\u00f3n de Caleb Arredondo, el espect\u00e1culo fue una clase magistral de elegancia sin esfuerzo y sofisticaci\u00f3n fundamentada.<\/font><\/p>\n<p align=\"justify\"><ins><font size=\"3\"><\/font><\/ins><\/p>\n<p align=\"justify\"><font size=\"3\">Los b\u00e1sicos de Ami ocuparon un lugar central, reafirmando los valores fundamentales de la marca. Las prendas de abrigo de sastrer\u00eda oversize presentaban gabardina de doble cara con parches de seda tonal con bordes sin rematar en las solapas, logrando un equilibrio entre estructura y suavidad. Los trajes holgados para hombres y mujeres ven\u00edan en pantalones anchos e inclinados, con estilos armoniosos y rotos intencionalmente. Mientras tanto, la ropa de trabajo refinada apareci\u00f3 en conjuntos de blusas de lana tejida estampada y camisas de lana de gran tama\u00f1o, abrazando una rugosidad estudiada que resonaba con la atm\u00f3sfera bellamente decr\u00e9pita del espacio.<\/font><\/p>\n<p align=\"justify\"><ins><font size=\"3\"><\/font><\/ins><\/p>\n<p align=\"justify\"><font size=\"3\">Los acentos estacionales le dieron una nueva perspectiva. Las camisas de algod\u00f3n con bufandas integradas reflejaban los paseos en bicicleta el\u00e9ctrica de Mattiussi por Par\u00eds, invocando una est\u00e9tica vaquera moderna. Los baberos de seda adornaban las camisas pastel con cuellos convencionales, haci\u00e9ndose eco de los detalles de seda en las prendas de abrigo. Una subtrama de borreguito desgre\u00f1ado surgi\u00f3 en cuellos de parka para hombres y abrigos largos y cortos peludos para mujeres, con el abrigo m\u00e1s largo complementado por el nuevo bolso Mimi. Cuadrado pero discreto, el bolso Mimi fue dise\u00f1ado para ser duradero, encarnando el esp\u00edritu sin pretensiones de Ami.<\/font><\/p>\n<p align=\"justify\"><font size=\"3\">Las corbatas continuaron su tranquilo regreso, a\u00f1adiendo un toque de elegancia a la colecci\u00f3n. El compromiso de Mattiussi con la honestidad se extendi\u00f3 m\u00e1s all\u00e1 del dise\u00f1o: su tienda electr\u00f3nica ahora cuenta con una secci\u00f3n para piezas Ami de segunda mano, fomentando su redescubrimiento y reutilizaci\u00f3n, con arrugas y todo.<\/font><\/p>\n<p align=\"justify\"><ins><font size=\"3\"><\/font><\/ins><\/p>\n<p align=\"justify\"><font size=\"3\">Desde que fund\u00f3 Ami en 2011, Mattiussi siempre ha defendido la ropa para personas reales que viven vidas reales. &#8220;Estas personas son personas reales&#8221;, reiter\u00f3. &#8220;Corren a recoger a sus hijos, corren a una cita o se dirigen a casa despu\u00e9s de una peque\u00f1a aventura. Es la realidad. Hay elegancia en ella, pero no es pretenciosa&#8221;.<\/font><\/p>\n<p align=\"justify\"><font size=\"3\">Con esta colecci\u00f3n, Mattiussi reafirm\u00f3 su misi\u00f3n: ofrecer prendas elegantes, respetuosas y honestas que resuenen con la vida cotidiana, todo a un precio accesible. Ami demostr\u00f3 una vez m\u00e1s que la moda puede ser tanto arraigada como aspiracional, logrando un equilibrio entre practicidad y elegancia.<\/font><\/p>\n<p align=\"justify\"><strong>ngg_shortcode_0_placeholder<\/strong><\/p>\n","protected":false},"excerpt":{"rendered":"<p>Alexandre Mattiussi aport\u00f3 su realismo y facilidad caracter\u00edsticos a la colecci\u00f3n Oto\u00f1o-Invierno 2025-2026 de Ami, presentada en una oficina de correos desgastada que exudaba un encanto malhumorado. Acompa\u00f1ado por la conmovedora banda sonora de saxof\u00f3n de Caleb Arredondo, el espect\u00e1culo&hellip;<\/p>\n<p class=\"more-link-p\"><a class=\"more-link\" href=\"https:\/\/bobvarela.com\/?p=165898\">Read more &rarr;<\/a><\/p>\n","protected":false},"author":1,"featured_media":0,"comment_status":"open","ping_status":"open","sticky":false,"template":"","format":"standard","meta":{"ngg_post_thumbnail":0,"footnotes":""},"categories":[4],"tags":[],"class_list":["post-165898","post","type-post","status-publish","format-standard","hentry","category-moda"],"_links":{"self":[{"href":"https:\/\/bobvarela.com\/index.php?rest_route=\/wp\/v2\/posts\/165898","targetHints":{"allow":["GET"]}}],"collection":[{"href":"https:\/\/bobvarela.com\/index.php?rest_route=\/wp\/v2\/posts"}],"about":[{"href":"https:\/\/bobvarela.com\/index.php?rest_route=\/wp\/v2\/types\/post"}],"author":[{"embeddable":true,"href":"https:\/\/bobvarela.com\/index.php?rest_route=\/wp\/v2\/users\/1"}],"replies":[{"embeddable":true,"href":"https:\/\/bobvarela.com\/index.php?rest_route=%2Fwp%2Fv2%2Fcomments&post=165898"}],"version-history":[{"count":1,"href":"https:\/\/bobvarela.com\/index.php?rest_route=\/wp\/v2\/posts\/165898\/revisions"}],"predecessor-version":[{"id":165899,"href":"https:\/\/bobvarela.com\/index.php?rest_route=\/wp\/v2\/posts\/165898\/revisions\/165899"}],"wp:attachment":[{"href":"https:\/\/bobvarela.com\/index.php?rest_route=%2Fwp%2Fv2%2Fmedia&parent=165898"}],"wp:term":[{"taxonomy":"category","embeddable":true,"href":"https:\/\/bobvarela.com\/index.php?rest_route=%2Fwp%2Fv2%2Fcategories&post=165898"},{"taxonomy":"post_tag","embeddable":true,"href":"https:\/\/bobvarela.com\/index.php?rest_route=%2Fwp%2Fv2%2Ftags&post=165898"}],"curies":[{"name":"wp","href":"https:\/\/api.w.org\/{rel}","templated":true}]}}