{"id":166057,"date":"2025-01-27T19:50:42","date_gmt":"2025-01-27T23:50:42","guid":{"rendered":"https:\/\/bobvarela.com\/?p=166057"},"modified":"2025-01-27T19:50:42","modified_gmt":"2025-01-27T23:50:42","slug":"032c-desfile-otoo-invierno-2025-26","status":"publish","type":"post","link":"https:\/\/bobvarela.com\/?p=166057","title":{"rendered":"032c Desfile Oto&ntilde;o Invierno 2025-26"},"content":{"rendered":"<p align=\"justify\"><font size=\"3\">Maria Koch dio vida a la m\u00edstica helada de las tradiciones alpinas en la colecci\u00f3n Oto\u00f1o-Invierno 2025-2026 de 032c, titulada Suspicious Minds. Inspirada en los rituales invernales de los pa\u00edses alpinos, donde los aldeanos se visten con disfraces monstruosos para desterrar a los malos esp\u00edritus y dar la bienvenida a la renovaci\u00f3n, Koch canaliz\u00f3 este simbolismo en una colecci\u00f3n que equilibra la inocencia y la amenaza, la tradici\u00f3n y la modernidad.<\/font><\/p>\n<p align=\"justify\"><ins><font size=\"3\"><\/font><\/ins><\/p>\n<p align=\"justify\"><font size=\"3\">Las ra\u00edces folcl\u00f3ricas de la colecci\u00f3n fueron evidentes en la reinterpretaci\u00f3n de Koch de la vestimenta alpina cl\u00e1sica. Los dirndls se transformaron en vestidos bustier con un estilo estructurado, mientras que los abrigos de Loden, b\u00e1sicos de la regi\u00f3n, se reinventaron con una sastrer\u00eda afilada y proporciones contempor\u00e1neas. Los blazers de caza de cuello alto y las prendas de abrigo arquitect\u00f3nicas mostraron el enfoque preciso de Koch para el ajuste, elevando estos b\u00e1sicos r\u00fasticos a declaraciones sofisticadas y ponibles.<\/font><\/p>\n<p align=\"justify\"><font size=\"3\">Esta temporada, Koch jug\u00f3 con texturas contrastantes para capturar la est\u00e9tica de la monta\u00f1a helada. El neopreno recubierto de lana boucl\u00e9 y un revestimiento calc\u00e1reo daba a las chaquetas un aspecto esculpido, similar a la nieve. Los c\u00e1rdigans de lam\u00e9 plateado escarchado superpuestos sobre sudaderas con capucha brillantes agregaron un brillo que recuerda a los paisajes invernales. Para darle un toque moderno a la funcionalidad alpina, las elegantes parkas cimentaron la colecci\u00f3n con un gui\u00f1o a la ropa pr\u00e1ctica de monta\u00f1a.<\/font><\/p>\n<p align=\"justify\"><ins><font size=\"3\"><\/font><\/ins><\/p>\n<p align=\"justify\"><font size=\"3\">Mientras que las mitades superiores de la colecci\u00f3n exploraron formas voluminosas y texturizadas, las mitades inferiores se mantuvieron fieles a la est\u00e9tica elegante caracter\u00edstica de 032c. Los pantalones cargo de sat\u00e9n continuaron el amor de Koch por la silueta s\u00faper delgada, mientras que los looks sin pantalones, que alguna vez dominaron las pasarelas, estuvieron notablemente ausentes, lo que indica un cambio hacia el equilibrio y la intenci\u00f3n.<\/font><\/p>\n<p align=\"justify\"><font size=\"3\">Las pieles sint\u00e9ticas dominaron las prendas de abrigo, con iteraciones negras y marrones que a\u00f1ad\u00edan un toque de glamour, y los abrigos peludos moteados de ciervo beb\u00e9 enfatizaron a\u00fan m\u00e1s el tema de la dualidad de la colecci\u00f3n: la inocencia entrelazada con la naturaleza salvaje. Las joyas con dientes y cuernos subrayaron el trasfondo talism\u00e1n de la colecci\u00f3n, un sutil gui\u00f1o a los elementos protectores, casi m\u00edsticos, de los rituales alpinos.<\/font><\/p>\n<p align=\"justify\"><ins><font size=\"3\"><\/font><\/ins><\/p>\n<p align=\"justify\"><font size=\"3\">Con una banda sonora del punk alem\u00e1n de los 80, el espect\u00e1culo uni\u00f3 la reinterpretaci\u00f3n de Koch de la tradici\u00f3n con su toque urbano y rebelde. Si bien la inspiraci\u00f3n alpina impuls\u00f3 la narrativa, la colecci\u00f3n evit\u00f3 desviarse hacia el territorio del vestuario, y en su lugar present\u00f3 un guardarropa fresco y contempor\u00e1neo con siluetas poderosas y un dise\u00f1o reflexivo.<\/font><\/p>\n<p align=\"justify\"><font size=\"3\">Suspicious Minds de Maria Koch demostr\u00f3 que 32 grados Fahrenheit puede ser congelante, pero 032c sabe c\u00f3mo mantener el calor a la moda.<\/font><\/p>\n<p align=\"justify\"><strong><font size=\"3\">ngg_shortcode_0_placeholder<\/font><\/strong><\/p>\n","protected":false},"excerpt":{"rendered":"<p>Maria Koch dio vida a la m\u00edstica helada de las tradiciones alpinas en la colecci\u00f3n Oto\u00f1o-Invierno 2025-2026 de 032c, titulada Suspicious Minds. Inspirada en los rituales invernales de los pa\u00edses alpinos, donde los aldeanos se visten con disfraces monstruosos para&hellip;<\/p>\n<p class=\"more-link-p\"><a class=\"more-link\" href=\"https:\/\/bobvarela.com\/?p=166057\">Read more &rarr;<\/a><\/p>\n","protected":false},"author":1,"featured_media":0,"comment_status":"open","ping_status":"open","sticky":false,"template":"","format":"standard","meta":{"ngg_post_thumbnail":0,"footnotes":""},"categories":[4],"tags":[],"class_list":["post-166057","post","type-post","status-publish","format-standard","hentry","category-moda"],"_links":{"self":[{"href":"https:\/\/bobvarela.com\/index.php?rest_route=\/wp\/v2\/posts\/166057","targetHints":{"allow":["GET"]}}],"collection":[{"href":"https:\/\/bobvarela.com\/index.php?rest_route=\/wp\/v2\/posts"}],"about":[{"href":"https:\/\/bobvarela.com\/index.php?rest_route=\/wp\/v2\/types\/post"}],"author":[{"embeddable":true,"href":"https:\/\/bobvarela.com\/index.php?rest_route=\/wp\/v2\/users\/1"}],"replies":[{"embeddable":true,"href":"https:\/\/bobvarela.com\/index.php?rest_route=%2Fwp%2Fv2%2Fcomments&post=166057"}],"version-history":[{"count":1,"href":"https:\/\/bobvarela.com\/index.php?rest_route=\/wp\/v2\/posts\/166057\/revisions"}],"predecessor-version":[{"id":166058,"href":"https:\/\/bobvarela.com\/index.php?rest_route=\/wp\/v2\/posts\/166057\/revisions\/166058"}],"wp:attachment":[{"href":"https:\/\/bobvarela.com\/index.php?rest_route=%2Fwp%2Fv2%2Fmedia&parent=166057"}],"wp:term":[{"taxonomy":"category","embeddable":true,"href":"https:\/\/bobvarela.com\/index.php?rest_route=%2Fwp%2Fv2%2Fcategories&post=166057"},{"taxonomy":"post_tag","embeddable":true,"href":"https:\/\/bobvarela.com\/index.php?rest_route=%2Fwp%2Fv2%2Ftags&post=166057"}],"curies":[{"name":"wp","href":"https:\/\/api.w.org\/{rel}","templated":true}]}}