{"id":166183,"date":"2025-01-28T05:42:09","date_gmt":"2025-01-28T09:42:09","guid":{"rendered":"https:\/\/bobvarela.com\/?p=166183"},"modified":"2025-01-28T05:42:09","modified_gmt":"2025-01-28T09:42:09","slug":"desfile-de-moda-y-3-otoo-invierno-2025-26","status":"publish","type":"post","link":"https:\/\/bobvarela.com\/?p=166183","title":{"rendered":"Desfile de moda Y-3 Oto&ntilde;o Invierno 2025-26"},"content":{"rendered":"<p align=\"justify\"><font size=\"3\">La colecci\u00f3n Oto\u00f1o-Invierno 2025-2026 de Y-3, la larga colaboraci\u00f3n entre Yohji Yamamoto y Adidas, demostr\u00f3 una vez m\u00e1s por qu\u00e9 sigue siendo una vanguardia de la moda. Si bien esta temporada masculina en Par\u00eds vio una gran cantidad de colaboraciones, Y-3 se destac\u00f3 por continuar elevando su fusi\u00f3n \u00fanica de dise\u00f1o japon\u00e9s de alto concepto y precisi\u00f3n de ropa deportiva alemana. Dos d\u00e9cadas despu\u00e9s de sus inicios, el aura de frescura sin esfuerzo del Y-3 se siente m\u00e1s relevante que nunca, reafirmado por la energ\u00eda el\u00e9ctrica en su desfile en el Pavillon Cambon Capucines.<\/font><\/p>\n<p align=\"justify\"><ins><font size=\"3\"><\/font><\/ins><\/p>\n<p align=\"justify\"><font size=\"3\">El ambiente estaba cargado de una sensaci\u00f3n de anticipaci\u00f3n. En el centro del recinto, una enorme luz LED rectangular pulsaba en sincron\u00eda con el implacable sonido de los graves, proyectando ondas din\u00e1micas de luz a trav\u00e9s de la pasarela. Asistentes de primera l\u00ednea como A$AP Nast y las estrellas de Top Boy, Kano y Hope Ikpoku Jr., vieron c\u00f3mo el partido se elevaba por encima de la escena, preparando el escenario para un espect\u00e1culo que equilibr\u00f3 la energ\u00eda bruta con una ejecuci\u00f3n refinada.<\/font><\/p>\n<p align=\"justify\"><font size=\"3\">La colecci\u00f3n se abri\u00f3 con una l\u00ednea de piezas oscuras y t\u00e9cnicas que exudaban una sensibilidad urbana descarnada. Una chaqueta de cuero de gran tama\u00f1o, un vestido de gabardina con aberturas dram\u00e1ticas en los brazos con gasa asomando y pantalones cargo reforzados con rodilleras establecieron un ambiente de resistencia funcional. A medida que avanzaba el desfile, la atenci\u00f3n se centr\u00f3 en los dise\u00f1os inspirados en las motos, incluidos los trajes de moto totalmente funcionales desarrollados en colaboraci\u00f3n con el especialista italiano Dainese.<\/font><\/p>\n<p align=\"justify\"><ins><font size=\"3\"><\/font><\/ins><\/p>\n<p align=\"justify\"><font size=\"3\">Un momento destacado fue el de la modelo Gabbriette, que luci\u00f3 un traje de moto de cuero rojo con media cremallera y alrededor de la cintura. Ten\u00eda un aura cinematogr\u00e1fica que evocaba a un personaje que se alejaba del caos, fr\u00edo y dominante sin esfuerzo.<\/font><\/p>\n<p align=\"justify\"><font size=\"3\">Adem\u00e1s de Dainese, Y-3 recurri\u00f3 a la marca japonesa de ropa urbana Neighborhood, aportando su toque utilitario a la mezcla. Las influencias moteras de Shinsuke Takizawa eran evidentes en las chaquetas de carreras de cuero y nailon estampadas con &#8220;Y-3-N&#8221;, un detalle que llam\u00f3 la atenci\u00f3n de A$AP Nast, quien inmediatamente busc\u00f3 una de las piezas detr\u00e1s del escenario.<\/font><\/p>\n<p align=\"justify\"><ins><font size=\"3\"><\/font><\/ins><\/p>\n<p align=\"justify\"><font size=\"3\">La colecci\u00f3n no se trataba solo de dureza bruta. El romanticismo se col\u00f3 con estampados abstractos en \u00e1mbar quemado y blanco, que adornaron tejidos de punto y chaquetas acolchadas. Estos patrones ardientes y florales atenuaron los elementos utilitarios de la colecci\u00f3n, agregando una dimensi\u00f3n po\u00e9tica que es la quintaesencia de Yohji.<\/font><\/p>\n<p align=\"justify\"><font size=\"3\">Otro detalle llamativo fue la incorporaci\u00f3n de alambre maleable roscado en las alas de los sombreros, las costuras de los abrigos y las corbatas, dando a las prendas un efecto deformado y de otro mundo. Esta sutil innovaci\u00f3n elev\u00f3 el motivo de triple raya caracter\u00edstico de Adidas, dobl\u00e1ndolo en nuevas formas y consolidando el compromiso de la marca con la experimentaci\u00f3n creativa.<\/font><\/p>\n<p align=\"justify\"><ins><font size=\"3\"><\/font><\/ins><\/p>\n<p align=\"justify\"><font size=\"3\">La colecci\u00f3n Y-3 Oto\u00f1o Invierno 2025-2026 logr\u00f3 encarnar tanto la fuerza como la sensibilidad, un delicado equilibrio que refleja el respeto mutuo entre Yohji Yamamoto y Adidas. La colaboraci\u00f3n contin\u00faa sorprendiendo y cautivando, mezclando la moda vanguardista con la ropa deportiva funcional de maneras que se sienten aut\u00e9nticas y con visi\u00f3n de futuro.<\/font><\/p>\n<p align=\"justify\"><font size=\"3\">Y-3 es un testimonio de la idea de que mundos aparentemente dispares \u2014la moda de autor japonesa y la herencia atl\u00e9tica alemana\u2014 pueden unirse para crear algo m\u00e1s grande que la suma de sus partes. Con esta colecci\u00f3n, el atractivo perdurable de Y-3 demuestra que su visi\u00f3n de &#8220;Health Goth&#8221; sigue viva, pr\u00f3spera y en evoluci\u00f3n.<\/font><\/p>\n<p align=\"justify\"><strong>ngg_shortcode_0_placeholder<\/strong><\/p>\n","protected":false},"excerpt":{"rendered":"<p>La colecci\u00f3n Oto\u00f1o-Invierno 2025-2026 de Y-3, la larga colaboraci\u00f3n entre Yohji Yamamoto y Adidas, demostr\u00f3 una vez m\u00e1s por qu\u00e9 sigue siendo una vanguardia de la moda. Si bien esta temporada masculina en Par\u00eds vio una gran cantidad de colaboraciones,&hellip;<\/p>\n<p class=\"more-link-p\"><a class=\"more-link\" href=\"https:\/\/bobvarela.com\/?p=166183\">Read more &rarr;<\/a><\/p>\n","protected":false},"author":1,"featured_media":0,"comment_status":"open","ping_status":"open","sticky":false,"template":"","format":"standard","meta":{"ngg_post_thumbnail":0,"footnotes":""},"categories":[4,523],"tags":[],"class_list":["post-166183","post","type-post","status-publish","format-standard","hentry","category-moda","category-paris"],"_links":{"self":[{"href":"https:\/\/bobvarela.com\/index.php?rest_route=\/wp\/v2\/posts\/166183","targetHints":{"allow":["GET"]}}],"collection":[{"href":"https:\/\/bobvarela.com\/index.php?rest_route=\/wp\/v2\/posts"}],"about":[{"href":"https:\/\/bobvarela.com\/index.php?rest_route=\/wp\/v2\/types\/post"}],"author":[{"embeddable":true,"href":"https:\/\/bobvarela.com\/index.php?rest_route=\/wp\/v2\/users\/1"}],"replies":[{"embeddable":true,"href":"https:\/\/bobvarela.com\/index.php?rest_route=%2Fwp%2Fv2%2Fcomments&post=166183"}],"version-history":[{"count":1,"href":"https:\/\/bobvarela.com\/index.php?rest_route=\/wp\/v2\/posts\/166183\/revisions"}],"predecessor-version":[{"id":166184,"href":"https:\/\/bobvarela.com\/index.php?rest_route=\/wp\/v2\/posts\/166183\/revisions\/166184"}],"wp:attachment":[{"href":"https:\/\/bobvarela.com\/index.php?rest_route=%2Fwp%2Fv2%2Fmedia&parent=166183"}],"wp:term":[{"taxonomy":"category","embeddable":true,"href":"https:\/\/bobvarela.com\/index.php?rest_route=%2Fwp%2Fv2%2Fcategories&post=166183"},{"taxonomy":"post_tag","embeddable":true,"href":"https:\/\/bobvarela.com\/index.php?rest_route=%2Fwp%2Fv2%2Ftags&post=166183"}],"curies":[{"name":"wp","href":"https:\/\/api.w.org\/{rel}","templated":true}]}}