{"id":166255,"date":"2025-02-03T12:45:23","date_gmt":"2025-02-03T16:45:23","guid":{"rendered":"https:\/\/bobvarela.com\/?p=166255"},"modified":"2025-02-03T12:45:23","modified_gmt":"2025-02-03T16:45:23","slug":"rumbo-al-ny-fashion-week-el-famoso-diseador-puertorriqueo-jaer-cabn-junto-a-una-diseadora-emergente","status":"publish","type":"post","link":"https:\/\/bobvarela.com\/?p=166255","title":{"rendered":"Rumbo al NY Fashion Week el famoso Dise&ntilde;ador Puertorrique&ntilde;o Jaer Cab&aacute;n junto a una dise&ntilde;adora Emergente."},"content":{"rendered":"<p align=\"center\"><a href=\"https:\/\/bobvarela.com\/wp-content\/uploads\/2025\/02\/image.jpg\"><img loading=\"lazy\" decoding=\"async\" width=\"402\" height=\"302\" title=\"image\" style=\"display: inline; background-image: none;\" alt=\"image\" src=\"https:\/\/bobvarela.com\/wp-content\/uploads\/2025\/02\/image_thumb.png\" border=\"0\"\/><\/a><\/p>\n<p align=\"justify\"><font size=\"3\">El arte como protagonista ser\u00e1 la colecci\u00f3n del Dise\u00f1ador Jaer Cab\u00e1n, quien le rendir\u00e1 tributo por primera vez al proceso art\u00edstico con sus piezas.&nbsp; El famoso Dise\u00f1ador quien, ha vestido a figuras como Daddy Yankee, Kany Garc\u00eda, Adamaris L\u00f3pez, Olga Ta\u00f1on, el <i>Dance Crew<\/i> para Bad Bunny, Wisin y Yandel, Paulina Rubio, Pitbull entre otros se prepara para presentar en la semana de la moda en Nueva York. <\/font><\/p>\n<p align=\"justify\"><font size=\"3\">Jaer Cab\u00e1n lleva m\u00e1s de 20 a\u00f1os en la industria y presentar\u00e1 su colecci\u00f3n titulada &#8220;<i>THE MASTERPIECE<\/i>&#8220;. La misma celebra la <i>sinergia<\/i> entre el arte visual y la moda contempor\u00e1nea. Inspirada en el aspecto din\u00e1mico y el proceso transformador de crear arte, el cual resulta tan cautivador como la obra maestra final. La paleta de colores fusiona tonos como la verde salvia, mauve, bronce, blanco y negro, reflejando la transici\u00f3n y profundidad que encontramos en una exposici\u00f3n de arte. <\/font><\/p>\n<p align=\"justify\"><font size=\"3\">Las piezas de la colecci\u00f3n incorporan elementos art\u00edsticos de manera tangible, como prendas pintadas a mano con salpicados de pintura que evocan la espontaneidad del acto creativo. As\u00ed mismo, los bastidores, paletas y pinceles se integran en los dise\u00f1os como parte estructural de las piezas. El uso de <i>denim<\/i> resalta la uni\u00f3n entre lo cl\u00e1sico y lo contempor\u00e1neo. Adem\u00e1s, algunas prendas adoptan formas escult\u00f3ricas, imitando el m\u00e1rmol y el bronce oxidado, en un gui\u00f1o a la escultura cl\u00e1sica. \u201c<i>Cada pieza de &#8220;The Masterpiece&#8221; es un tributo a la belleza del proceso art\u00edstico, elevando la moda a una forma de arte en s\u00ed misma\u201d<\/i> detall\u00f3 el Dise\u00f1ador.<\/font><\/p>\n<p align=\"justify\"><font size=\"3\">Como parte de esta colecci\u00f3n el Dise\u00f1ador Jaer Cab\u00e1n lanz\u00f3 un reto al grupo de Dise\u00f1adores de la Competencia \u201cThe Emerging\u201d; competencia celebrada en la plataforma de Expomoda Puerto Rico.&nbsp; El reto consisti\u00f3 en presentar una propuesta de dise\u00f1os que fueran c\u00f3nsonos con el tema brindado y la propuesta que fuera asertiva tendr\u00eda la oportunidad de formar parte de la colecci\u00f3n \u201c<i>The Masterpiece<\/i>\u201d.<\/font><\/p>\n<p align=\"justify\"><font size=\"3\">La propuesta de la Dise\u00f1adora Emergente Uma Acosta fue la seleccionada, <i>\u201c No tengo palabras para expresar la gran emoci\u00f3n que tengo de poder trabajar junto al Dise\u00f1ador Jaer Cab\u00e1n y que unos de mis dise\u00f1os formen parte de esta gran colecci\u00f3n agradezco a la producci\u00f3n de The Emerging y su CEO Zuleika Zayas por brindarme esta gran oportunidad junto al Dise\u00f1ador&nbsp; Jaer Cab\u00e1n<\/i>.\u201d <\/font><\/p>\n<p align=\"justify\"><font size=\"3\">\u201c<i>The Masterpiece<\/i>\u201d ser\u00e1 presentada el domingo 9 de febrero de 2025 a las 6:00pm en el <i>Prince George Ballroom, Chelsea<\/i>, en la ciudad de Nueva York bajo la plataforma <i>The Lab NYFW<\/i>.<\/font><\/p>\n","protected":false},"excerpt":{"rendered":"<p>El arte como protagonista ser\u00e1 la colecci\u00f3n del Dise\u00f1ador Jaer Cab\u00e1n, quien le rendir\u00e1 tributo por primera vez al proceso art\u00edstico con sus piezas.&nbsp; El famoso Dise\u00f1ador quien, ha vestido a figuras como Daddy Yankee, Kany Garc\u00eda, Adamaris L\u00f3pez, Olga&hellip;<\/p>\n<p class=\"more-link-p\"><a class=\"more-link\" href=\"https:\/\/bobvarela.com\/?p=166255\">Read more &rarr;<\/a><\/p>\n","protected":false},"author":1,"featured_media":0,"comment_status":"open","ping_status":"open","sticky":false,"template":"","format":"standard","meta":{"ngg_post_thumbnail":0,"footnotes":""},"categories":[4,295],"tags":[],"class_list":["post-166255","post","type-post","status-publish","format-standard","hentry","category-moda","category-puerto-rico"],"_links":{"self":[{"href":"https:\/\/bobvarela.com\/index.php?rest_route=\/wp\/v2\/posts\/166255","targetHints":{"allow":["GET"]}}],"collection":[{"href":"https:\/\/bobvarela.com\/index.php?rest_route=\/wp\/v2\/posts"}],"about":[{"href":"https:\/\/bobvarela.com\/index.php?rest_route=\/wp\/v2\/types\/post"}],"author":[{"embeddable":true,"href":"https:\/\/bobvarela.com\/index.php?rest_route=\/wp\/v2\/users\/1"}],"replies":[{"embeddable":true,"href":"https:\/\/bobvarela.com\/index.php?rest_route=%2Fwp%2Fv2%2Fcomments&post=166255"}],"version-history":[{"count":1,"href":"https:\/\/bobvarela.com\/index.php?rest_route=\/wp\/v2\/posts\/166255\/revisions"}],"predecessor-version":[{"id":166256,"href":"https:\/\/bobvarela.com\/index.php?rest_route=\/wp\/v2\/posts\/166255\/revisions\/166256"}],"wp:attachment":[{"href":"https:\/\/bobvarela.com\/index.php?rest_route=%2Fwp%2Fv2%2Fmedia&parent=166255"}],"wp:term":[{"taxonomy":"category","embeddable":true,"href":"https:\/\/bobvarela.com\/index.php?rest_route=%2Fwp%2Fv2%2Fcategories&post=166255"},{"taxonomy":"post_tag","embeddable":true,"href":"https:\/\/bobvarela.com\/index.php?rest_route=%2Fwp%2Fv2%2Ftags&post=166255"}],"curies":[{"name":"wp","href":"https:\/\/api.w.org\/{rel}","templated":true}]}}