{"id":166413,"date":"2025-02-08T06:30:51","date_gmt":"2025-02-08T10:30:51","guid":{"rendered":"https:\/\/bobvarela.com\/?p=166413"},"modified":"2025-02-08T06:30:51","modified_gmt":"2025-02-08T10:30:51","slug":"desfile-de-jacquemus-primavera-verano-2025","status":"publish","type":"post","link":"https:\/\/bobvarela.com\/?p=166413","title":{"rendered":"Desfile de Jacquemus Primavera Verano 2025"},"content":{"rendered":"<p align=\"justify\"><font size=\"3\">Simon Porte Jacquemus redefini\u00f3 la intimidad con su colecci\u00f3n Primavera Verano 2025, La Croisi\u00e8re, presentada durante la Semana de la Moda Masculina de Par\u00eds. A partir de sus producciones a gran escala, el dise\u00f1ador organiz\u00f3 un espect\u00e1culo exclusivo para solo 40 invitados en el apartamento privado Art Deco del arquitecto Auguste Perret. El escenario, con paneles de roble y anclado por pilares de hormig\u00f3n, a\u00f1adi\u00f3 una elegancia discreta a una colecci\u00f3n que se apoy\u00f3 en siluetas inspiradas en la alta costura sin dejar de ser fiel a la est\u00e9tica l\u00fadica y geom\u00e9trica de Jacquemus.<\/font><\/p>\n<p align=\"justify\"><ins><font size=\"3\"><\/font><\/ins><\/p>\n<p align=\"justify\"><font size=\"3\">Inspirado por el legado de modistos franceses como Christian Dior y Coco Chanel, Jacquemus imagin\u00f3 un momento de mediados de siglo, imaginando c\u00f3mo podr\u00eda haber sido su marca en la d\u00e9cada de 1950. &#8220;Quer\u00eda una experiencia muy \u00edntima, casi como de sal\u00f3n&#8230; sin artificios, solo mis siluetas&#8221;, explic\u00f3 la dise\u00f1adora. La configuraci\u00f3n m\u00ednima, capturada exclusivamente con las c\u00e1maras del iPhone 16 Pro Max, permiti\u00f3 que la ropa brillara sin distracciones.<\/font><\/p>\n<p align=\"justify\"><font size=\"3\">Los invitados, entre ellos Pamela Anderson, la estrella del K-pop Hongjoong y Carla Bruni, bebieron champ\u00e1n mientras se mezclaban entre esculturas vintage y susurraban glamour moderno. El elenco, repleto de supermodelos veteranas como Christy Turlington, Adriana Lima y Doutzen Kroes, elev\u00f3 a\u00fan m\u00e1s el sentido de elegancia atemporal de la colecci\u00f3n.<\/font><\/p>\n<p align=\"justify\"><ins><font size=\"3\"><\/font><\/ins><\/p>\n<p align=\"justify\"><font size=\"3\">Esta colecci\u00f3n marc\u00f3 un enfoque m\u00e1s refinado y cercano a la alta costura para Jacquemus. Turlington abri\u00f3 con un abrigo negro ce\u00f1ido con una falda de cintura ca\u00edda, mientras que Eva Herzigova mostr\u00f3 un cortavientos de popelina blanca con pantalones negros esculturales. Las formas geom\u00e9tricas distintivas de Jacquemus encontraron nueva vida en tops tabardos, faldas circulares y vestidos de reloj de arena, canalizando las sensuales curvas de Marilyn Monroe.<\/font><\/p>\n<p align=\"justify\"><font size=\"3\">Un destacado vestido amarillo p\u00e1lido evoc\u00f3 a Grace Kelly en To Catch a Thief, reinventado con un sujetador c\u00f3nico que emerg\u00eda de un top de punto superfino. Adriana Lima acapar\u00f3 todas las miradas con un vestido &#8220;naked&#8221; de jersey negro, a\u00f1adiendo un toque sensual a la sofisticada alineaci\u00f3n. La moda masculina complement\u00f3 la narrativa, con denim sastrer\u00eda, chaquetas inspiradas en la ropa de trabajo y blazers preppy que se hicieron eco de la tendencia americana.<\/font><\/p>\n<p align=\"justify\"><ins><font size=\"3\"><\/font><\/ins><\/p>\n<p align=\"justify\"><font size=\"3\">Jacquemus llev\u00f3 su atelier a nuevas alturas, como lo demuestra un vestido de plumas abullonado confeccionado con Lemari\u00e9, propiedad de Chanel. Sin embargo, la madurez de la colecci\u00f3n tambi\u00e9n revel\u00f3 influencias de casas patrimoniales como Schiaparelli, Ala\u00efa y Bottega Veneta, lo que diluy\u00f3 ligeramente su originalidad. Reconociendo esto, Jacquemus se\u00f1al\u00f3: &#8220;Todav\u00eda tengo mucho trabajo. Esto es solo el comienzo de mi viaje hacia la alta costura&#8221;.<\/font><\/p>\n<p align=\"justify\"><font size=\"3\">Celebrando el 15\u00ba aniversario de su marca el a\u00f1o pasado, Jacquemus insinu\u00f3 sus ambiciones de convertirse en una marca tradicional. Mientras buscaba un inversor minoritario para financiar expansiones minoristas y de belleza, utiliz\u00f3 esta colecci\u00f3n para afianzarse en el calendario oficial de la Semana de la Moda de Par\u00eds despu\u00e9s de a\u00f1os de operar de forma independiente.<\/font><\/p>\n<p align=\"justify\"><ins><font size=\"3\"><\/font><\/ins><\/p>\n<p align=\"justify\"><font size=\"3\">&#8220;Esta colecci\u00f3n no podr\u00eda haberse mostrado en ning\u00fan otro lugar&#8221;, dijo, subrayando la importancia de regresar al hist\u00f3rico escenario de la moda parisina. La Croisi\u00e8re se sinti\u00f3 como una declaraci\u00f3n: Jacquemus est\u00e1 evolucionando, abrazando las complejidades de la alta costura y allanando el camino para un futuro en el que su nombre se encuentra entre los \u00edconos de la moda francesa.<\/font><\/p>\n<p align=\"justify\"><strong><font size=\"3\">ngg_shortcode_0_placeholder<\/font><\/strong><\/p>\n<p><font size=\"3\"><\/font><\/p>\n","protected":false},"excerpt":{"rendered":"<p>Simon Porte Jacquemus redefini\u00f3 la intimidad con su colecci\u00f3n Primavera Verano 2025, La Croisi\u00e8re, presentada durante la Semana de la Moda Masculina de Par\u00eds. A partir de sus producciones a gran escala, el dise\u00f1ador organiz\u00f3 un espect\u00e1culo exclusivo para solo&hellip;<\/p>\n<p class=\"more-link-p\"><a class=\"more-link\" href=\"https:\/\/bobvarela.com\/?p=166413\">Read more &rarr;<\/a><\/p>\n","protected":false},"author":1,"featured_media":0,"comment_status":"open","ping_status":"open","sticky":false,"template":"","format":"standard","meta":{"ngg_post_thumbnail":0,"footnotes":""},"categories":[4,523],"tags":[],"class_list":["post-166413","post","type-post","status-publish","format-standard","hentry","category-moda","category-paris"],"_links":{"self":[{"href":"https:\/\/bobvarela.com\/index.php?rest_route=\/wp\/v2\/posts\/166413","targetHints":{"allow":["GET"]}}],"collection":[{"href":"https:\/\/bobvarela.com\/index.php?rest_route=\/wp\/v2\/posts"}],"about":[{"href":"https:\/\/bobvarela.com\/index.php?rest_route=\/wp\/v2\/types\/post"}],"author":[{"embeddable":true,"href":"https:\/\/bobvarela.com\/index.php?rest_route=\/wp\/v2\/users\/1"}],"replies":[{"embeddable":true,"href":"https:\/\/bobvarela.com\/index.php?rest_route=%2Fwp%2Fv2%2Fcomments&post=166413"}],"version-history":[{"count":1,"href":"https:\/\/bobvarela.com\/index.php?rest_route=\/wp\/v2\/posts\/166413\/revisions"}],"predecessor-version":[{"id":166414,"href":"https:\/\/bobvarela.com\/index.php?rest_route=\/wp\/v2\/posts\/166413\/revisions\/166414"}],"wp:attachment":[{"href":"https:\/\/bobvarela.com\/index.php?rest_route=%2Fwp%2Fv2%2Fmedia&parent=166413"}],"wp:term":[{"taxonomy":"category","embeddable":true,"href":"https:\/\/bobvarela.com\/index.php?rest_route=%2Fwp%2Fv2%2Fcategories&post=166413"},{"taxonomy":"post_tag","embeddable":true,"href":"https:\/\/bobvarela.com\/index.php?rest_route=%2Fwp%2Fv2%2Ftags&post=166413"}],"curies":[{"name":"wp","href":"https:\/\/api.w.org\/{rel}","templated":true}]}}