{"id":168260,"date":"2025-04-28T16:40:09","date_gmt":"2025-04-28T20:40:09","guid":{"rendered":"https:\/\/bobvarela.com\/?p=168260"},"modified":"2025-04-28T16:40:09","modified_gmt":"2025-04-28T20:40:09","slug":"a-festejar-todos-al-festival-del-fricas-en-naranjito","status":"publish","type":"post","link":"https:\/\/bobvarela.com\/?p=168260","title":{"rendered":"A festejar todos al Festival del Fricas&eacute; en Naranjito"},"content":{"rendered":"<p align=\"center\"><font size=\"3\"><a href=\"https:\/\/bobvarela.com\/wp-content\/uploads\/2025\/04\/Fricase-de-pollo-confeccionado-por-Mannys-Culinary-Art-Chef-Manuel-Morales-.jpg\"><img loading=\"lazy\" decoding=\"async\" width=\"270\" height=\"203\" title=\"Fricase? de pollo confeccionado por Manny's Culinary Art-Chef Manuel Morales \" style=\"display: inline; background-image: none;\" alt=\"Fricase? de pollo confeccionado por Manny's Culinary Art-Chef Manuel Morales \" src=\"https:\/\/bobvarela.com\/wp-content\/uploads\/2025\/04\/Fricase-de-pollo-confeccionado-por-Mannys-Culinary-Art-Chef-Manuel-Morales-_thumb.jpg\" border=\"0\"\/><\/a><\/font><\/p>\n<p align=\"justify\"><font size=\"3\">El municipio de Naranjito celebrar\u00e1 la ya tradicional edici\u00f3n del Festival del Fricas\u00e9 este pr\u00f3ximo domingo, 4 de mayo de 2025, a partir de las 12:00 p.m. en la Plaza P\u00fablica del pueblo. El evento contar\u00e1 con una vibrante oferta gastron\u00f3mica, musical y cultural, destacando la confecci\u00f3n del fricas\u00e9 de pollo m\u00e1s grande de Puerto Rico, preparado por empleados municipales del programa CADAL y servido gratuitamente a todos los asistentes.<\/font><\/p>\n<p align=\"center\"><font size=\"3\"><a href=\"https:\/\/bobvarela.com\/wp-content\/uploads\/2025\/04\/IMG_2016.jpg\"><img loading=\"lazy\" decoding=\"async\" width=\"244\" height=\"214\" title=\"IMG_2016\" style=\"display: inline; background-image: none;\" alt=\"IMG_2016\" src=\"https:\/\/bobvarela.com\/wp-content\/uploads\/2025\/04\/IMG_2016_thumb.jpg\" border=\"0\"\/><\/a><\/font><\/p>\n<p align=\"justify\"><font size=\"3\">\u201cEl fricas\u00e9 es un plato que une generaciones. Con este festival queremos celebrar nuestras tradiciones culinarias y brindar a las familias una experiencia \u00fanica en el coraz\u00f3n de nuestro pueblo\u201d, expres\u00f3 el alcalde de Naranjito, Orlando Ortiz Chevres, quien invit\u00f3 al p\u00fablico de toda la isla a ser parte de este fest\u00edn.<\/font><\/p>\n<p align=\"center\"><a href=\"https:\/\/bobvarela.com\/wp-content\/uploads\/2025\/04\/Orlando-Ortiz-Chevres.jpg\"><img loading=\"lazy\" decoding=\"async\" width=\"164\" height=\"244\" title=\"Orlando Ortiz Chevres\" style=\"display: inline; background-image: none;\" alt=\"Orlando Ortiz Chevres\" src=\"https:\/\/bobvarela.com\/wp-content\/uploads\/2025\/04\/Orlando-Ortiz-Chevres_thumb.jpg\" border=\"0\"\/><\/a><\/p>\n<p align=\"justify\"><font size=\"3\">Durante el festival, habr\u00e1 kioscos que presentar\u00e1n versiones creativas del fricas\u00e9, incluyendo opciones de pavo, ternera, cabro, cerdo y, por supuesto, el cl\u00e1sico fricas\u00e9 de pollo. Los asistentes tambi\u00e9n podr\u00e1n disfrutar de bebidas refrescantes, frituras variadas y con rellenos de diferentes fricas\u00e9. Adicional,&nbsp; contar\u00e1 el evento con una exhibici\u00f3n de productos locales a cargo de empresarios puertorrique\u00f1os para impulsar las ventas de la industria local.<\/font><\/p>\n<p align=\"center\"><font size=\"3\"><a href=\"https:\/\/bobvarela.com\/wp-content\/uploads\/2025\/04\/IMG_2173-2.jpg\"><img loading=\"lazy\" decoding=\"async\" width=\"219\" height=\"244\" title=\"IMG_2173 2\" style=\"display: inline; background-image: none;\" alt=\"IMG_2173 2\" src=\"https:\/\/bobvarela.com\/wp-content\/uploads\/2025\/04\/IMG_2173-2_thumb.jpg\" border=\"0\"\/><\/a><\/font><\/p>\n<p align=\"justify\"><font size=\"3\">\u201cNuestro municipio est\u00e1 comprometido con la cultura, el turismo gastron\u00f3mico y la promoci\u00f3n de nuestros recursos locales. Este evento es una vitrina para nuestros comerciantes y una celebraci\u00f3n del sabor boricua,\u201d a\u00f1adi\u00f3 el alcalde.<\/font><\/p>\n<p align=\"justify\"><font size=\"3\">Restaurantes locales presentar\u00e1n interpretaciones \u00fanicas del plato estrella del d\u00eda:<\/font><\/p>\n<ul>\n<li>\n<div align=\"justify\"><font size=\"3\">Manny\u2019s Culinary Art preparar\u00e1 el fricas\u00e9 de cabro y ternera.<\/font><\/div>\n<\/li>\n<li>\n<div align=\"justify\"><font size=\"3\">Restaurante Campo Adentro se encargar\u00e1 del fricas\u00e9 de conejo.<\/font><\/div>\n<\/li>\n<li>\n<div align=\"justify\"><font size=\"3\">Nieves Quick Lunch, expertos en el cl\u00e1sico fricas\u00e9 de pollo.<\/font><\/div>\n<\/li>\n<li>\n<div align=\"justify\"><font size=\"3\">Carlitos Pinchos ofrecer\u00e1 su versi\u00f3n con cerdo.<\/font><\/div>\n<\/li>\n<\/ul>\n<p align=\"justify\"><font size=\"3\">Asimismo, los comerciantes de la Ruta Gastron\u00f3mica PR-152 tendr\u00e1n, dentro de su men\u00fa, un plato confeccionado de fricas\u00e9 para ser part\u00edcipes del evento en el municipio.<\/font><\/p>\n<p align=\"justify\"><font size=\"3\">La jornada tambi\u00e9n incluir\u00e1 entretenimiento para toda la familia: juegos para ni\u00f1os, billar y domin\u00f3 para los adultos mayores, y un programa art\u00edstico que comienza a las 12:00 p.m. con ni\u00f1os trovadores y un grupo de baile del Centro de Bellas Artes de Naranjito.<\/font><\/p>\n<p align=\"justify\"><font size=\"3\">La m\u00fasica no se har\u00e1 esperar, con presentaciones de:<\/font><\/p>\n<ul>\n<li>\n<div align=\"justify\"><font size=\"3\">Alambre Dulce \u2013 1:00 p.m.<br \/>\n<\/font><\/div>\n<\/li>\n<li>\n<div align=\"justify\"><font size=\"3\">Pleneros de Severo \u2013 3:00 p.m.<\/font><\/div>\n<\/li>\n<li>\n<div align=\"justify\"><font size=\"3\">Arnaldo Vallellanes y su orquesta \u2013 5:00 p.m.<\/font><\/div>\n<\/li>\n<li>\n<div align=\"justify\"><font size=\"3\">El Gran Combo \u2013 7:00 p.m., cerrando la noche con broche de oro.<\/font><\/div>\n<\/li>\n<\/ul>\n<p align=\"center\"><font size=\"3\"><a href=\"https:\/\/bobvarela.com\/wp-content\/uploads\/2025\/04\/Foto-3-Bailarinas-del-programa-de-Bellas-Artes-de-Naranjito-resaltan-los-colores-de-la-bandera-naranjitena-en-su-vestuario.jpg\"><img loading=\"lazy\" decoding=\"async\" width=\"244\" height=\"164\" title=\"Foto 3- Bailarinas del programa de Bellas Artes de Naranjito resaltan los colores de la bandera naranjiten?a en su vestuario\" style=\"display: inline; background-image: none;\" alt=\"Foto 3- Bailarinas del programa de Bellas Artes de Naranjito resaltan los colores de la bandera naranjiten?a en su vestuario\" src=\"https:\/\/bobvarela.com\/wp-content\/uploads\/2025\/04\/Foto-3-Bailarinas-del-programa-de-Bellas-Artes-de-Naranjito-resaltan-los-colores-de-la-bandera-naranjitena-en-su-vestuario_thumb.jpg\" border=\"0\"\/><\/a><\/font><\/p>\n<p align=\"justify\"><font size=\"3\">\u201cEste festival es para el disfrute de todas las edades. Nos llena de orgullo ver c\u00f3mo la comunidad se une para celebrar lo nuestro con alegr\u00eda, sabor y buena m\u00fasica\u201d, concluy\u00f3 el alcalde.<\/font><\/p>\n<p align=\"justify\"><font size=\"3\">Para facilitar el acceso, el municipio ofrecer\u00e1 transporte gratuito en trolleys desde el \u00e1rea del desv\u00edo cercano al pueblo hasta la Plaza P\u00fablica, y viceversa. Para mayor informaci\u00f3n, pueden acceder a @municipiodenaranjitopr en Facebook.<\/font><\/p>\n","protected":false},"excerpt":{"rendered":"<p>El municipio de Naranjito celebrar\u00e1 la ya tradicional edici\u00f3n del Festival del Fricas\u00e9 este pr\u00f3ximo domingo, 4 de mayo de 2025, a partir de las 12:00 p.m. en la Plaza P\u00fablica del pueblo. El evento contar\u00e1 con una vibrante oferta&hellip;<\/p>\n<p class=\"more-link-p\"><a class=\"more-link\" href=\"https:\/\/bobvarela.com\/?p=168260\">Read more &rarr;<\/a><\/p>\n","protected":false},"author":1,"featured_media":0,"comment_status":"open","ping_status":"open","sticky":false,"template":"","format":"standard","meta":{"ngg_post_thumbnail":0,"footnotes":""},"categories":[3,127],"tags":[],"class_list":["post-168260","post","type-post","status-publish","format-standard","hentry","category-actividades","category-musica"],"_links":{"self":[{"href":"https:\/\/bobvarela.com\/index.php?rest_route=\/wp\/v2\/posts\/168260","targetHints":{"allow":["GET"]}}],"collection":[{"href":"https:\/\/bobvarela.com\/index.php?rest_route=\/wp\/v2\/posts"}],"about":[{"href":"https:\/\/bobvarela.com\/index.php?rest_route=\/wp\/v2\/types\/post"}],"author":[{"embeddable":true,"href":"https:\/\/bobvarela.com\/index.php?rest_route=\/wp\/v2\/users\/1"}],"replies":[{"embeddable":true,"href":"https:\/\/bobvarela.com\/index.php?rest_route=%2Fwp%2Fv2%2Fcomments&post=168260"}],"version-history":[{"count":1,"href":"https:\/\/bobvarela.com\/index.php?rest_route=\/wp\/v2\/posts\/168260\/revisions"}],"predecessor-version":[{"id":168261,"href":"https:\/\/bobvarela.com\/index.php?rest_route=\/wp\/v2\/posts\/168260\/revisions\/168261"}],"wp:attachment":[{"href":"https:\/\/bobvarela.com\/index.php?rest_route=%2Fwp%2Fv2%2Fmedia&parent=168260"}],"wp:term":[{"taxonomy":"category","embeddable":true,"href":"https:\/\/bobvarela.com\/index.php?rest_route=%2Fwp%2Fv2%2Fcategories&post=168260"},{"taxonomy":"post_tag","embeddable":true,"href":"https:\/\/bobvarela.com\/index.php?rest_route=%2Fwp%2Fv2%2Ftags&post=168260"}],"curies":[{"name":"wp","href":"https:\/\/api.w.org\/{rel}","templated":true}]}}