{"id":168570,"date":"2025-05-14T09:57:04","date_gmt":"2025-05-14T13:57:04","guid":{"rendered":"https:\/\/bobvarela.com\/?p=168570"},"modified":"2025-05-14T09:57:04","modified_gmt":"2025-05-14T13:57:04","slug":"la-aclamada-pera-ainadamar-dar-inicio-al-festival-casals-2025","status":"publish","type":"post","link":"https:\/\/bobvarela.com\/?p=168570","title":{"rendered":"La aclamada &oacute;pera Ainadamar dar&aacute; inicio al Festival Casals 2025"},"content":{"rendered":"<p align=\"center\"><font size=\"3\"><a href=\"https:\/\/bobvarela.com\/wp-content\/uploads\/2025\/05\/ElencoAinadamar.jpg\"><img loading=\"lazy\" decoding=\"async\" width=\"462\" height=\"279\" title=\"ElencoAinadamar\" style=\"display: inline; background-image: none;\" alt=\"ElencoAinadamar\" src=\"https:\/\/bobvarela.com\/wp-content\/uploads\/2025\/05\/ElencoAinadamar_thumb.jpg\" border=\"0\"\/><\/a><\/font><\/p>\n<p align=\"justify\"><font size=\"3\">El Festival Casals 2025 dar\u00e1 inicio con la c\u00e9lebre \u00f3pera de un acto Ainadamar de Osvaldo Golijov, el s\u00e1bado, 24 de mayo a las 7:00 p.m. en la Sala de Festivales Antonio Paoli del Centro de Bellas Artes Luis A. Ferr\u00e9 (CBA). Bajo la direcci\u00f3n musical del maestro Maximiano Vald\u00e9s y con una puesta en escena del destacado director argentino y director art\u00edstico de la Compa\u00f1\u00eda Nacional de \u00d3pera de M\u00e9xico, Marcelo Lombardero, esta impactante producci\u00f3n revive pasajes clave en la vida del poeta espa\u00f1ol Federico Garc\u00eda Lorca.<\/font><\/p>\n<p align=\"center\"><font size=\"3\"><a href=\"https:\/\/bobvarela.com\/wp-content\/uploads\/2025\/05\/IMG_0212.jpg\"><img loading=\"lazy\" decoding=\"async\" width=\"244\" height=\"164\" title=\"IMG_0212\" style=\"display: inline; background-image: none;\" alt=\"IMG_0212\" src=\"https:\/\/bobvarela.com\/wp-content\/uploads\/2025\/05\/IMG_0212_thumb.jpg\" border=\"0\"\/><\/a><a href=\"https:\/\/bobvarela.com\/wp-content\/uploads\/2025\/05\/IMG_0217.jpg\"><img loading=\"lazy\" decoding=\"async\" width=\"244\" height=\"164\" title=\"IMG_0217\" style=\"display: inline; background-image: none;\" alt=\"IMG_0217\" src=\"https:\/\/bobvarela.com\/wp-content\/uploads\/2025\/05\/IMG_0217_thumb.jpg\" border=\"0\"\/><\/a><a href=\"https:\/\/bobvarela.com\/wp-content\/uploads\/2025\/05\/IMG_0219.jpg\"><img loading=\"lazy\" decoding=\"async\" width=\"244\" height=\"164\" title=\"IMG_0219\" style=\"display: inline; background-image: none;\" alt=\"IMG_0219\" src=\"https:\/\/bobvarela.com\/wp-content\/uploads\/2025\/05\/IMG_0219_thumb.jpg\" border=\"0\"\/><\/a><\/font><\/p>\n<p align=\"justify\"><font size=\"3\">La Orquesta Sinf\u00f3nica de Puerto Rico (OSPR) estar\u00e1 en el foso, acompa\u00f1ando a un elenco de renombre encabezado por la soprano estadounidense de ascendencia peruana Jessica Rivera, la soprano puertorrique\u00f1a Meechot Marrero y la mezzosoprano chilena Evelyn Ram\u00edrez. La obra, con libreto original de David Henry Hwang y versi\u00f3n en espa\u00f1ol de Osvaldo Golijov, ha sido galardonada con un premio Grammy y ofrece una inmersiva experiencia esc\u00e9nica que combina flamenco, rumba y elementos teatrales.<\/font><\/p>\n<p align=\"center\"><font size=\"3\"><a href=\"https:\/\/bobvarela.com\/wp-content\/uploads\/2025\/05\/IMG_0073.jpg\"><img loading=\"lazy\" decoding=\"async\" width=\"244\" height=\"164\" title=\"IMG_0073\" style=\"margin: 0px; display: inline; background-image: none;\" alt=\"IMG_0073\" src=\"https:\/\/bobvarela.com\/wp-content\/uploads\/2025\/05\/IMG_0073_thumb.jpg\" border=\"0\"\/><\/a><a href=\"https:\/\/bobvarela.com\/wp-content\/uploads\/2025\/05\/IMG_0045.jpg\"><img loading=\"lazy\" decoding=\"async\" width=\"244\" height=\"164\" title=\"IMG_0045\" style=\"margin: 0px; display: inline; background-image: none;\" alt=\"IMG_0045\" src=\"https:\/\/bobvarela.com\/wp-content\/uploads\/2025\/05\/IMG_0045_thumb.jpg\" border=\"0\"\/><\/a><a href=\"https:\/\/bobvarela.com\/wp-content\/uploads\/2025\/05\/IMG_0057.jpg\"><img loading=\"lazy\" decoding=\"async\" width=\"244\" height=\"164\" title=\"IMG_0057\" style=\"display: inline; background-image: none;\" alt=\"IMG_0057\" src=\"https:\/\/bobvarela.com\/wp-content\/uploads\/2025\/05\/IMG_0057_thumb.jpg\" border=\"0\"\/><\/a><\/font><\/p>\n<p align=\"justify\"><font size=\"3\">M\u00e1s de treinta cantantes, m\u00fasicos y bailarines estar\u00e1n en escena para recrear la historia de Margarita Xirgu, musa de Lorca, y su relato sobre la vida y muerte del poeta, asesinado al inicio de la Guerra Civil espa\u00f1ola por sus ideales pol\u00edticos y orientaci\u00f3n sexual. El elenco incluye tambi\u00e9n al cantaor Alejandro Tejada, los tenores Jeh\u00fa Otero y Carlos Ortiz, la soprano Camila Otero, la mezzosoprano Aurora Navarro y el bar\u00edtono Ricardo Sep\u00falveda. La coreograf\u00eda estar\u00e1 a cargo de la core\u00f3grafa puertorrique\u00f1a Sorely Muentes.<\/font><\/p>\n<p align=\"center\"><font size=\"3\"><a href=\"https:\/\/bobvarela.com\/wp-content\/uploads\/2025\/05\/IMG_0126-1.jpg\"><img loading=\"lazy\" decoding=\"async\" width=\"244\" height=\"164\" title=\"IMG_0126\" style=\"margin: 0px; display: inline; background-image: none;\" alt=\"IMG_0126\" src=\"https:\/\/bobvarela.com\/wp-content\/uploads\/2025\/05\/IMG_0126_thumb.jpg\" border=\"0\"\/><\/a><a href=\"https:\/\/bobvarela.com\/wp-content\/uploads\/2025\/05\/IMG_0091.jpg\"><img loading=\"lazy\" decoding=\"async\" width=\"244\" height=\"164\" title=\"IMG_0091\" style=\"margin: 0px; display: inline; background-image: none;\" alt=\"IMG_0091\" src=\"https:\/\/bobvarela.com\/wp-content\/uploads\/2025\/05\/IMG_0091_thumb.jpg\" border=\"0\"\/><\/a><a href=\"https:\/\/bobvarela.com\/wp-content\/uploads\/2025\/05\/IMG_0100.jpg\"><img loading=\"lazy\" decoding=\"async\" width=\"244\" height=\"164\" title=\"IMG_0100\" style=\"display: inline; background-image: none;\" alt=\"IMG_0100\" src=\"https:\/\/bobvarela.com\/wp-content\/uploads\/2025\/05\/IMG_0100_thumb.jpg\" border=\"0\"\/><\/a><\/font><\/p>\n<p align=\"justify\"><font size=\"3\">El Festival contin\u00faa el domingo, 25 de mayo, a las 4:00 p.m., en la Sala Sinf\u00f3nica Pablo Casals, con la presentaci\u00f3n del D\u00fao Figueroa, compuesto por Ivonne y Guillermo Figueroa. El recital, que conmemora el 50 aniversario del insigne d\u00fao en el Festival Casals, incluir\u00e1 obras de Schubert, Franck, Prokofiev y compositores puertorrique\u00f1os.<\/font><\/p>\n<p align=\"center\"><font size=\"3\"><a href=\"https:\/\/bobvarela.com\/wp-content\/uploads\/2025\/05\/IMG_0175.jpg\"><img loading=\"lazy\" decoding=\"async\" width=\"244\" height=\"164\" title=\"IMG_0175\" style=\"margin: 0px; display: inline; background-image: none;\" alt=\"IMG_0175\" src=\"https:\/\/bobvarela.com\/wp-content\/uploads\/2025\/05\/IMG_0175_thumb.jpg\" border=\"0\"\/><\/a><a href=\"https:\/\/bobvarela.com\/wp-content\/uploads\/2025\/05\/IMG_0148.jpg\"><img loading=\"lazy\" decoding=\"async\" width=\"244\" height=\"164\" title=\"IMG_0148\" style=\"display: inline; background-image: none;\" alt=\"IMG_0148\" src=\"https:\/\/bobvarela.com\/wp-content\/uploads\/2025\/05\/IMG_0148_thumb.jpg\" border=\"0\"\/><\/a><\/font><\/p>\n<p align=\"justify\"><font size=\"3\">La programaci\u00f3n se extiende hasta el s\u00e1bado, 7 de junio, con presentaciones destacadas como:<\/font><\/p>\n<p align=\"justify\"><b><br \/><font size=\"3\"> \u2022&nbsp;&nbsp;&nbsp; Jueves, 29 de mayo \u2013 7:00 p.m. | Conservatorio de M\u00fasica de Puerto Rico<\/font><\/b><\/p>\n<p align=\"justify\"><font size=\"3\">Recital de la pianista argentina Ingrid Fliter con obras de Schumann y Chopin.<\/font><\/p>\n<p align=\"justify\"><b><br \/><font size=\"3\"> \u2022&nbsp;&nbsp;&nbsp; S\u00e1bado, 31 de mayo \u2013 7:00 p.m. | Sala Sinf\u00f3nica Pablo Casals<\/font><\/b><\/p>\n<p align=\"justify\"><font size=\"3\">Concierto de la OSPR bajo la direcci\u00f3n del venezolano Christian V\u00e1squez y la participaci\u00f3n del guitarrista espa\u00f1ol Rafael Aguirre como solista. El programa contar\u00e1 con Margarite\u00f1a de Inocente Carre\u00f1o, el Concierto Antillano de Ernesto Cordero y la Sinfon\u00eda n\u00fam. 9 de Anton\u00edn Dvo?\u00e1k.<\/font><\/p>\n<p align=\"justify\"><b><br \/><font size=\"3\"> \u2022&nbsp;&nbsp;&nbsp; Domingo, 1 de junio \u2013 4:00 p.m. | Sala Sinf\u00f3nica Pablo Casals<\/font><\/b><\/p>\n<p align=\"justify\"><font size=\"3\">Presentaci\u00f3n de \u00a1Hispania!, un viaje musical del conjunto internacional Apollo\u2019s Fire. Compuesto por un variado grupo de 15 artistas internacionales, este conjunto llevar\u00e1 al p\u00fablico a trav\u00e9s de un vibrante viaje musical desde la Espa\u00f1a del siglo XVI hasta la Am\u00e9rica Latina barroca.<\/font><\/p>\n<p align=\"justify\"><b><br \/><font size=\"3\"> \u2022&nbsp;&nbsp;&nbsp; Mi\u00e9rcoles, 4 de junio \u2013 7:00 p.m. | Conservatorio de M\u00fasica<\/font><\/b><\/p>\n<p align=\"justify\"><font size=\"3\">Actuaci\u00f3n del Ulysses Quartet, con m\u00fasicos de Canad\u00e1, EE. UU. y Taiw\u00e1n. Considerados uno de los cuartetos de cuerda m\u00e1s excitantes de la actualidad, interpretar\u00e1n obras de Haydn, Auerbach y Dvo?\u00e1k.<\/font><\/p>\n<p align=\"justify\"><b><br \/><font size=\"3\"> \u2022&nbsp;&nbsp;&nbsp; S\u00e1bado, 7 de junio \u2013 7:00 p.m. | Sala Sinf\u00f3nica Pablo Casals<\/font><\/b><\/p>\n<p align=\"justify\"><font size=\"3\">Clausura del Festival con la OSPR y el violonchelista Mark Kosower. El programa incluye la monumental Sinfon\u00eda n\u00fam. 5 de Gustav Mahler y el Concierto n\u00fam. 2 de Alberto Ginastera.<br \/>Los boletos est\u00e1n disponibles desde $15, con tarifas especiales para estudiantes de $5 y $10. Pueden adquirirse a trav\u00e9s de Ticketera, Ticket Center y en la boleter\u00eda del Centro de Bellas Artes.<\/font><\/p>\n","protected":false},"excerpt":{"rendered":"<p>El Festival Casals 2025 dar\u00e1 inicio con la c\u00e9lebre \u00f3pera de un acto Ainadamar de Osvaldo Golijov, el s\u00e1bado, 24 de mayo a las 7:00 p.m. en la Sala de Festivales Antonio Paoli del Centro de Bellas Artes Luis A.&hellip;<\/p>\n<p class=\"more-link-p\"><a class=\"more-link\" href=\"https:\/\/bobvarela.com\/?p=168570\">Read more &rarr;<\/a><\/p>\n","protected":false},"author":1,"featured_media":0,"comment_status":"open","ping_status":"open","sticky":false,"template":"","format":"standard","meta":{"ngg_post_thumbnail":0,"footnotes":""},"categories":[3,127],"tags":[],"class_list":["post-168570","post","type-post","status-publish","format-standard","hentry","category-actividades","category-musica"],"_links":{"self":[{"href":"https:\/\/bobvarela.com\/index.php?rest_route=\/wp\/v2\/posts\/168570","targetHints":{"allow":["GET"]}}],"collection":[{"href":"https:\/\/bobvarela.com\/index.php?rest_route=\/wp\/v2\/posts"}],"about":[{"href":"https:\/\/bobvarela.com\/index.php?rest_route=\/wp\/v2\/types\/post"}],"author":[{"embeddable":true,"href":"https:\/\/bobvarela.com\/index.php?rest_route=\/wp\/v2\/users\/1"}],"replies":[{"embeddable":true,"href":"https:\/\/bobvarela.com\/index.php?rest_route=%2Fwp%2Fv2%2Fcomments&post=168570"}],"version-history":[{"count":1,"href":"https:\/\/bobvarela.com\/index.php?rest_route=\/wp\/v2\/posts\/168570\/revisions"}],"predecessor-version":[{"id":168571,"href":"https:\/\/bobvarela.com\/index.php?rest_route=\/wp\/v2\/posts\/168570\/revisions\/168571"}],"wp:attachment":[{"href":"https:\/\/bobvarela.com\/index.php?rest_route=%2Fwp%2Fv2%2Fmedia&parent=168570"}],"wp:term":[{"taxonomy":"category","embeddable":true,"href":"https:\/\/bobvarela.com\/index.php?rest_route=%2Fwp%2Fv2%2Fcategories&post=168570"},{"taxonomy":"post_tag","embeddable":true,"href":"https:\/\/bobvarela.com\/index.php?rest_route=%2Fwp%2Fv2%2Ftags&post=168570"}],"curies":[{"name":"wp","href":"https:\/\/api.w.org\/{rel}","templated":true}]}}