{"id":168601,"date":"2025-05-14T21:36:43","date_gmt":"2025-05-15T01:36:43","guid":{"rendered":"https:\/\/bobvarela.com\/?p=168601"},"modified":"2025-05-14T21:36:43","modified_gmt":"2025-05-15T01:36:43","slug":"desfile-de-sandra-weil-otoo-invierno-2025-26","status":"publish","type":"post","link":"https:\/\/bobvarela.com\/?p=168601","title":{"rendered":"Desfile de Sandra Weil Oto&ntilde;o Invierno 2025-26"},"content":{"rendered":"<p align=\"justify\"><font size=\"3\">Sandra Weil protagoniz\u00f3 uno de los momentos m\u00e1s resonantes de la jornada inaugural de la Semana de la Moda de M\u00e9xico con su colecci\u00f3n Oto\u00f1o Invierno 2025-2026. A medida que la semana de la moda entra en una nueva fase, revitalizada por un nuevo patrocinio y un renovado sentido de direcci\u00f3n, la presentaci\u00f3n de Weil se destac\u00f3 como un testimonio audaz del poder de la narraci\u00f3n de historias, la artesan\u00eda y la evoluci\u00f3n personal.<\/font><\/p>\n<p align=\"justify\"><ins><font size=\"3\"><\/font><\/ins><\/p>\n<p align=\"justify\"><font size=\"3\">La dise\u00f1adora nacida en Per\u00fa y afincada en M\u00e9xico aprovech\u00f3 los temas del infinito y la valent\u00eda, construyendo una narrativa arraigada tanto en la transformaci\u00f3n interior como en la fantas\u00eda mitol\u00f3gica. Sus prendas canalizaban un romanticismo vanguardista, extrayendo el lenguaje visual de las armaduras medievales y las criaturas legendarias (dragones, sirenas y sirenas) que simbolizaban el triunfo del coraje sobre el miedo. No se trataba de meros adornos, sino de una mitolog\u00eda de marca m\u00e1s profunda que Weil ha ido cultivando lenta e intencionadamente.<\/font><\/p>\n<p align=\"justify\"><font size=\"3\">La pasarela se abri\u00f3 con impacto: una chaqueta de lana y organza de corte afilado con l\u00edneas asim\u00e9tricas se combin\u00f3 con una maxifalda plisada de tul, creando una silueta inconfundiblemente Weil: femenina, escultural y despojada de fragilidad. A partir de ah\u00ed, la colecci\u00f3n se desarroll\u00f3 como un viaje, con cada look revelando nuevas combinaciones de materiales y riesgos de dise\u00f1o. Las mallas met\u00e1licas estilizadas entraron en la l\u00ednea, y una de las piezas m\u00e1s llamativas del desfile, un cors\u00e9 dorado reluciente, surgi\u00f3 como s\u00edmbolo de la met\u00e1fora central de la colecci\u00f3n: una armadura forjada por el crecimiento personal.<\/font><\/p>\n<p align=\"justify\"><ins><font size=\"3\"><\/font><\/ins><\/p>\n<p align=\"justify\"><font size=\"3\">El esp\u00edritu de alta costura de Weil brill\u00f3 en los detalles. Los pantalones drapeados con pliegues estrat\u00e9gicos alrededor de las caderas a\u00f1ad\u00edan movimiento y complejidad. Las chaquetas mostraban una sutil deconstrucci\u00f3n, hablando de su lenguaje de sastrer\u00eda en evoluci\u00f3n, perfeccionado a lo largo de a\u00f1os de experimentaci\u00f3n e impulsado por un profundo respeto por la artesan\u00eda. &#8220;Lo que nos impulsa es la alta costura, el arte, la artesan\u00eda y la habilidad que realmente se encuentran en el coraz\u00f3n de la moda&#8221;, dijo en el backstage. Esa filosof\u00eda se materializa en su equipo interno de 50 personas, que gestionan todo, desde bordados personalizados hasta estampados propios.<\/font><\/p>\n<p align=\"justify\"><font size=\"3\">Los accesorios a\u00f1adieron otra dimensi\u00f3n al mundo de LEVEL8. Una pieza destacada fue un collar inspirado en escamas de drag\u00f3n de Romo Herrera, usado por la actriz mexicana Aislinn Derbez y dise\u00f1ado para hacer eco de los motivos m\u00edticos de la colecci\u00f3n. Un giro sorpresa lleg\u00f3 con las botas UGG integradas en varios looks, un contraste funcional que bas\u00f3 la fantas\u00eda en la usabilidad moderna y marc\u00f3 una colaboraci\u00f3n especial para el desfile.<\/font><\/p>\n<p align=\"justify\"><ins><font size=\"3\"><\/font><\/ins><\/p>\n<p align=\"justify\"><font size=\"3\">Bajo el lema Lo-Tek, Weil parec\u00eda sugerir que el verdadero poder no reside en el espect\u00e1culo de alta tecnolog\u00eda, sino en la expresi\u00f3n profundamente humana y artesanal. &#8220;Una vez que conquistas tus miedos, accedes a una energ\u00eda infinita, donde no hay nada bueno ni malo. Todo fluye&#8221;, reflexion\u00f3. En LEVEL8, esa energ\u00eda tom\u00f3 forma en el metal, la malla, el mito y el movimiento, una armadura a la moda para una mujer que da paso a su fuerza.<\/font><\/p>\n<p align=\"justify\"><strong>ngg_shortcode_0_placeholder<\/strong><\/p>\n","protected":false},"excerpt":{"rendered":"<p>Sandra Weil protagoniz\u00f3 uno de los momentos m\u00e1s resonantes de la jornada inaugural de la Semana de la Moda de M\u00e9xico con su colecci\u00f3n Oto\u00f1o Invierno 2025-2026. A medida que la semana de la moda entra en una nueva fase,&hellip;<\/p>\n<p class=\"more-link-p\"><a class=\"more-link\" href=\"https:\/\/bobvarela.com\/?p=168601\">Read more &rarr;<\/a><\/p>\n","protected":false},"author":1,"featured_media":0,"comment_status":"open","ping_status":"open","sticky":false,"template":"","format":"standard","meta":{"ngg_post_thumbnail":0,"footnotes":""},"categories":[4],"tags":[],"class_list":["post-168601","post","type-post","status-publish","format-standard","hentry","category-moda"],"_links":{"self":[{"href":"https:\/\/bobvarela.com\/index.php?rest_route=\/wp\/v2\/posts\/168601","targetHints":{"allow":["GET"]}}],"collection":[{"href":"https:\/\/bobvarela.com\/index.php?rest_route=\/wp\/v2\/posts"}],"about":[{"href":"https:\/\/bobvarela.com\/index.php?rest_route=\/wp\/v2\/types\/post"}],"author":[{"embeddable":true,"href":"https:\/\/bobvarela.com\/index.php?rest_route=\/wp\/v2\/users\/1"}],"replies":[{"embeddable":true,"href":"https:\/\/bobvarela.com\/index.php?rest_route=%2Fwp%2Fv2%2Fcomments&post=168601"}],"version-history":[{"count":1,"href":"https:\/\/bobvarela.com\/index.php?rest_route=\/wp\/v2\/posts\/168601\/revisions"}],"predecessor-version":[{"id":168602,"href":"https:\/\/bobvarela.com\/index.php?rest_route=\/wp\/v2\/posts\/168601\/revisions\/168602"}],"wp:attachment":[{"href":"https:\/\/bobvarela.com\/index.php?rest_route=%2Fwp%2Fv2%2Fmedia&parent=168601"}],"wp:term":[{"taxonomy":"category","embeddable":true,"href":"https:\/\/bobvarela.com\/index.php?rest_route=%2Fwp%2Fv2%2Fcategories&post=168601"},{"taxonomy":"post_tag","embeddable":true,"href":"https:\/\/bobvarela.com\/index.php?rest_route=%2Fwp%2Fv2%2Ftags&post=168601"}],"curies":[{"name":"wp","href":"https:\/\/api.w.org\/{rel}","templated":true}]}}