{"id":168625,"date":"2025-05-14T21:41:19","date_gmt":"2025-05-15T01:41:19","guid":{"rendered":"https:\/\/bobvarela.com\/?p=168625"},"modified":"2025-05-14T21:41:19","modified_gmt":"2025-05-15T01:41:19","slug":"desfile-de-denisse-kuri-otoo-invierno-2025-26","status":"publish","type":"post","link":"https:\/\/bobvarela.com\/?p=168625","title":{"rendered":"Desfile de Denisse Kuri Oto&ntilde;o Invierno 2025-26"},"content":{"rendered":"<p align=\"justify\"><font size=\"3\">En la Semana de la Moda de M\u00e9xico, Denisse Kuri present\u00f3 su colecci\u00f3n Oto\u00f1o-Invierno 2025-2026 titulada Mam\u00e1 Gallina, una reflexi\u00f3n profundamente emotiva y po\u00e9tica sobre la maternidad. Inspir\u00e1ndose en la imagen cari\u00f1osa y protectora de la gallina, la colecci\u00f3n es tanto un tributo al amor maternal como una celebraci\u00f3n de la herencia textil ind\u00edgena.<\/font><\/p>\n<p align=\"justify\"><ins><font size=\"3\"><\/font><\/ins><\/p>\n<p align=\"justify\"><font size=\"3\">Cada pieza de Mam\u00e1 Gallina sirve como una expresi\u00f3n t\u00e1ctil de ternura, tejida a mano con sabidur\u00eda ancestral. Kuri contin\u00faa su compromiso de larga data de trabajar con artesanos de todo M\u00e9xico, particularmente de las regiones de Chiapas, Puebla, Tlaxcala, Guerrero y Oaxaca, asegurando que cada prenda cuente una historia arraigada en el cuidado, la tradici\u00f3n y la identidad.<\/font><\/p>\n<p align=\"justify\"><font size=\"3\">T\u00e9cnicas tradicionales como el telar de cintura y los intrincados bordados forman la base de la colecci\u00f3n. El uso de fibras naturales como el jonote (una fibra vegetal de Cuetzalan, Puebla) y la seda de San Miguel Cajonos, Oaxaca, refuerza la dedicaci\u00f3n de Kuri a los materiales sostenibles de origen local. Estos textiles se transforman en siluetas vibrantes que reflejan tanto el caos como la intimidad de la maternidad, un espacio donde conviven la protecci\u00f3n, la memoria y la vulnerabilidad.<\/font><\/p>\n<p align=\"justify\"><ins><font size=\"3\"><\/font><\/ins><\/p>\n<p align=\"justify\"><font size=\"3\">M\u00e1s all\u00e1 de las prendas en s\u00ed, Mam\u00e1 Gallina es un homenaje a las mujeres artesanas que encarnan una forma poderosa y colectiva de maternidad. A trav\u00e9s de sus manos, los hilos se convierten en lenguaje y las prendas se convierten en recipientes de resiliencia cultural. El resultado es un cuerpo de trabajo que habla no solo del acto f\u00edsico de la creaci\u00f3n, sino tambi\u00e9n del trabajo emocional y espiritual que define el amor maternal.<\/font><\/p>\n<p align=\"justify\"><strong>ngg_shortcode_0_placeholder<\/strong><\/p>\n","protected":false},"excerpt":{"rendered":"<p>En la Semana de la Moda de M\u00e9xico, Denisse Kuri present\u00f3 su colecci\u00f3n Oto\u00f1o-Invierno 2025-2026 titulada Mam\u00e1 Gallina, una reflexi\u00f3n profundamente emotiva y po\u00e9tica sobre la maternidad. Inspir\u00e1ndose en la imagen cari\u00f1osa y protectora de la gallina, la colecci\u00f3n es&hellip;<\/p>\n<p class=\"more-link-p\"><a class=\"more-link\" href=\"https:\/\/bobvarela.com\/?p=168625\">Read more &rarr;<\/a><\/p>\n","protected":false},"author":1,"featured_media":0,"comment_status":"open","ping_status":"open","sticky":false,"template":"","format":"standard","meta":{"ngg_post_thumbnail":0,"footnotes":""},"categories":[525,4],"tags":[],"class_list":["post-168625","post","type-post","status-publish","format-standard","hentry","category-mejico","category-moda"],"_links":{"self":[{"href":"https:\/\/bobvarela.com\/index.php?rest_route=\/wp\/v2\/posts\/168625","targetHints":{"allow":["GET"]}}],"collection":[{"href":"https:\/\/bobvarela.com\/index.php?rest_route=\/wp\/v2\/posts"}],"about":[{"href":"https:\/\/bobvarela.com\/index.php?rest_route=\/wp\/v2\/types\/post"}],"author":[{"embeddable":true,"href":"https:\/\/bobvarela.com\/index.php?rest_route=\/wp\/v2\/users\/1"}],"replies":[{"embeddable":true,"href":"https:\/\/bobvarela.com\/index.php?rest_route=%2Fwp%2Fv2%2Fcomments&post=168625"}],"version-history":[{"count":1,"href":"https:\/\/bobvarela.com\/index.php?rest_route=\/wp\/v2\/posts\/168625\/revisions"}],"predecessor-version":[{"id":168626,"href":"https:\/\/bobvarela.com\/index.php?rest_route=\/wp\/v2\/posts\/168625\/revisions\/168626"}],"wp:attachment":[{"href":"https:\/\/bobvarela.com\/index.php?rest_route=%2Fwp%2Fv2%2Fmedia&parent=168625"}],"wp:term":[{"taxonomy":"category","embeddable":true,"href":"https:\/\/bobvarela.com\/index.php?rest_route=%2Fwp%2Fv2%2Fcategories&post=168625"},{"taxonomy":"post_tag","embeddable":true,"href":"https:\/\/bobvarela.com\/index.php?rest_route=%2Fwp%2Fv2%2Ftags&post=168625"}],"curies":[{"name":"wp","href":"https:\/\/api.w.org\/{rel}","templated":true}]}}