{"id":168659,"date":"2025-05-14T21:49:38","date_gmt":"2025-05-15T01:49:38","guid":{"rendered":"https:\/\/bobvarela.com\/?p=168659"},"modified":"2025-05-14T21:49:38","modified_gmt":"2025-05-15T01:49:38","slug":"desfile-de-alfredo-martinez-otoo-invierno-2025-26","status":"publish","type":"post","link":"https:\/\/bobvarela.com\/?p=168659","title":{"rendered":"Desfile de Alfredo Martinez Oto&ntilde;o Invierno 2025-26"},"content":{"rendered":"<p align=\"justify\"><font size=\"3\">Alfredo Mart\u00ednez cerr\u00f3 el tercer d\u00eda de la Semana de la Moda de M\u00e9xico Oto\u00f1o Invierno 2025-2026 con una colecci\u00f3n que llam\u00f3 la atenci\u00f3n y la reverencia. Inspirada en el encanto enigm\u00e1tico de Sasha Montenegro, una figura ic\u00f3nica que combina a la perfecci\u00f3n el glamour con la m\u00edstica, la dise\u00f1adora cre\u00f3 una poderosa visi\u00f3n de la feminidad arraigada en la elegancia cinematogr\u00e1fica y la seducci\u00f3n oculta.<\/font><\/p>\n<p align=\"justify\"><font size=\"3\">La \u00faltima propuesta de Mart\u00ednez se defini\u00f3 por siluetas asertivas y telas lujosas, que incluyen organza estructurada y terciopelo rico. Estos materiales impregnaron cada look de profundidad y dramatismo, amplificando la esencia teatral de la colecci\u00f3n. Las prendas oscilaron entre la precisi\u00f3n de la sastrer\u00eda y la sensualidad fluida, creando un sorprendente juego de formas y fluidez. Los abrigos largos con hombros esculpidos, las blusas transparentes delicadamente superpuestas debajo de corpi\u00f1os encorsetados y los pantalones de cintura alta en texturas opulentas contribuyeron a una narrativa visual que se sent\u00eda atemporal y de otro mundo.<\/font><\/p>\n<p align=\"justify\"><ins><font size=\"3\"><\/font><\/ins><\/p>\n<p align=\"justify\"><font size=\"3\">La paleta de colores estaba empapada de decadencia: burdeos profundos, p\u00farpuras solan\u00e1ceos, dorados bru\u00f1idos y negro obsidiana se hac\u00edan eco del glamour inquietante de la presencia de Montenegro en la pantalla. Los bordados dorados, los acabados met\u00e1licos y los adornos de terciopelo realzaron el tono ritual de la pasarela, evocando la imagen de una &#8220;bruja pop&#8221;, una figura de poder aut\u00f3nomo, confianza y resplandor oscuro.<\/font><\/p>\n<p align=\"justify\"><font size=\"3\">Con cada conjunto, Mart\u00ednez reimagin\u00f3 el legado de Montenegro, canalizando su carisma en prendas que unen lo m\u00edtico y lo contempor\u00e1neo. La artesan\u00eda detallada de la colecci\u00f3n (sastrer\u00eda afilada, capas estrat\u00e9gicas y contrastes de texturas) reflejaba una comprensi\u00f3n sofisticada tanto del car\u00e1cter como de la alta costura. Hubo un ritmo intencional en el desfile, donde cada look se construy\u00f3 sobre el anterior, culminando en un crescendo de siluetas que equilibraban la sensualidad con la soberan\u00eda.<\/font><\/p>\n<p align=\"justify\"><ins><font size=\"3\"><\/font><\/ins><\/p>\n<p align=\"justify\"><font size=\"3\">Para el final, Mart\u00ednez hab\u00eda convocado a un nuevo tipo de musa: formidable, hipn\u00f3tica y completamente due\u00f1a de s\u00ed misma. En la visi\u00f3n de esta temporada, la pasarela se convirti\u00f3 en un escenario para la transformaci\u00f3n, una invocaci\u00f3n del poder envuelta en elegancia, misterio y feminidad sin complejos.<\/font><\/p>\n<p align=\"justify\"><strong>ngg_shortcode_0_placeholder<\/strong><\/p>\n","protected":false},"excerpt":{"rendered":"<p>Alfredo Mart\u00ednez cerr\u00f3 el tercer d\u00eda de la Semana de la Moda de M\u00e9xico Oto\u00f1o Invierno 2025-2026 con una colecci\u00f3n que llam\u00f3 la atenci\u00f3n y la reverencia. Inspirada en el encanto enigm\u00e1tico de Sasha Montenegro, una figura ic\u00f3nica que combina&hellip;<\/p>\n<p class=\"more-link-p\"><a class=\"more-link\" href=\"https:\/\/bobvarela.com\/?p=168659\">Read more &rarr;<\/a><\/p>\n","protected":false},"author":1,"featured_media":0,"comment_status":"open","ping_status":"open","sticky":false,"template":"","format":"standard","meta":{"ngg_post_thumbnail":0,"footnotes":""},"categories":[525,4],"tags":[],"class_list":["post-168659","post","type-post","status-publish","format-standard","hentry","category-mejico","category-moda"],"_links":{"self":[{"href":"https:\/\/bobvarela.com\/index.php?rest_route=\/wp\/v2\/posts\/168659","targetHints":{"allow":["GET"]}}],"collection":[{"href":"https:\/\/bobvarela.com\/index.php?rest_route=\/wp\/v2\/posts"}],"about":[{"href":"https:\/\/bobvarela.com\/index.php?rest_route=\/wp\/v2\/types\/post"}],"author":[{"embeddable":true,"href":"https:\/\/bobvarela.com\/index.php?rest_route=\/wp\/v2\/users\/1"}],"replies":[{"embeddable":true,"href":"https:\/\/bobvarela.com\/index.php?rest_route=%2Fwp%2Fv2%2Fcomments&post=168659"}],"version-history":[{"count":1,"href":"https:\/\/bobvarela.com\/index.php?rest_route=\/wp\/v2\/posts\/168659\/revisions"}],"predecessor-version":[{"id":168660,"href":"https:\/\/bobvarela.com\/index.php?rest_route=\/wp\/v2\/posts\/168659\/revisions\/168660"}],"wp:attachment":[{"href":"https:\/\/bobvarela.com\/index.php?rest_route=%2Fwp%2Fv2%2Fmedia&parent=168659"}],"wp:term":[{"taxonomy":"category","embeddable":true,"href":"https:\/\/bobvarela.com\/index.php?rest_route=%2Fwp%2Fv2%2Fcategories&post=168659"},{"taxonomy":"post_tag","embeddable":true,"href":"https:\/\/bobvarela.com\/index.php?rest_route=%2Fwp%2Fv2%2Ftags&post=168659"}],"curies":[{"name":"wp","href":"https:\/\/api.w.org\/{rel}","templated":true}]}}