{"id":168729,"date":"2025-05-15T09:05:55","date_gmt":"2025-05-15T13:05:55","guid":{"rendered":"https:\/\/bobvarela.com\/?p=168729"},"modified":"2025-05-15T09:05:55","modified_gmt":"2025-05-15T13:05:55","slug":"desfile-de-abel-lopez-otoo-invierno-2025-26","status":"publish","type":"post","link":"https:\/\/bobvarela.com\/?p=168729","title":{"rendered":"Desfile de Abel Lopez Oto&ntilde;o Invierno 2025-26"},"content":{"rendered":"<p align=\"justify\"><font size=\"3\">El 7 de mayo de 2025, en la Semana de la Moda de M\u00e9xico FW25, el dise\u00f1ador Abel L\u00f3pez present\u00f3 su colecci\u00f3n Oto\u00f1o Invierno 2025-2026 en asociaci\u00f3n con Bulgari, ofreciendo un espect\u00e1culo ricamente emotivo que fusion\u00f3 la nostalgia de la infancia, el caos maternal y el retrofuturismo en una experiencia oscuramente rom\u00e1ntica y visualmente deslumbrante. Con un tel\u00f3n de fondo minimalista que permit\u00eda que la silueta y el sentimiento ocuparan un lugar central, L\u00f3pez invit\u00f3 al p\u00fablico a un viaje profundamente personal, tejido a trav\u00e9s de la memoria, la reinvenci\u00f3n y la elegancia atemporal.<\/font><\/p>\n<p align=\"justify\"><ins><font size=\"3\"><\/font><\/ins><\/p>\n<p align=\"justify\"><font size=\"3\">Titulada no por palabras sino por sentimiento, la colecci\u00f3n se despleg\u00f3 como una secuencia on\u00edrica cinematogr\u00e1fica. La sastrer\u00eda de Abel L\u00f3pez dio un paso audaz hacia el territorio experimental: los trajes elegantes chocaron con un volumen inesperado, creando prendas que flotaban entre la estructura y la suavidad, el orden y la imprevisibilidad. Hab\u00eda capas amplias, blazers deconstruidos y vestidos esculturales que cambiaban con cada movimiento, cada look transmit\u00eda una faceta diferente de la identidad en flujo.<\/font><\/p>\n<p align=\"justify\"><font size=\"3\">Lo que elev\u00f3 a\u00fan m\u00e1s el drama fue la colaboraci\u00f3n con Bulgari, cuyos accesorios luminosos agregaron una capa de sofisticaci\u00f3n y contraste. Gargantillas llamativas, pu\u00f1os dorados y aretes pulidos brillaban como artefactos de un futuro-pasado, anclando las siluetas rom\u00e1nticas de L\u00f3pez con una opulencia refinada. Su presencia no era simplemente decorativa, sino que funcionaban como signos de puntuaci\u00f3n en un poema, aportando claridad y ritmo a la narraci\u00f3n.<\/font><\/p>\n<p align=\"justify\"><ins><font size=\"3\"><\/font><\/ins><\/p>\n<p align=\"justify\"><font size=\"3\">A lo largo del espect\u00e1culo, L\u00f3pez jug\u00f3 con una paleta apagada y malhumorada (carb\u00f3n, berenjena, azul medianoche) salpicada de momentos de rico carmes\u00ed y suave marfil. Los textiles iban desde satinados mantecosos hasta lana mate y tejidos t\u00e9cnicos, cada uno seleccionado con intenci\u00f3n. Los detalles de plumas y los pliegues asim\u00e9tricos insinuaban el &#8220;hermoso caos&#8221; de la influencia materna: impredecible pero enriquecedora, abrumadora pero arraigada.<\/font><\/p>\n<p align=\"justify\"><font size=\"3\">En el coraz\u00f3n de la colecci\u00f3n estaba la transformaci\u00f3n, no solo en la confecci\u00f3n de las prendas, sino tambi\u00e9n en la expresi\u00f3n emocional. Cada mirada parec\u00eda trazar la evoluci\u00f3n de un personaje, desde la vulnerabilidad de la infancia hasta el desaf\u00edo de la adultez. Las siluetas pueden haber sido dram\u00e1ticas, pero su impacto fue \u00edntimo, como las p\u00e1ginas de un diario que se pueden usar.<\/font><\/p>\n<p align=\"justify\"><ins><font size=\"3\"><\/font><\/ins><\/p>\n<p align=\"justify\"><font size=\"3\">Con esta colecci\u00f3n Oto\u00f1o Invierno 2025-2026, Abel L\u00f3pez se ha consolidado como uno de los dise\u00f1adores m\u00e1s emocionalmente inteligentes de Am\u00e9rica Latina. Su capacidad para destilar la historia personal en la moda, al tiempo que integraba el lujo global a trav\u00e9s de Bulgari, ofreci\u00f3 un recordatorio resonante de que la moda a\u00fan puede sorprender, conmover y trascender.<\/font><\/p>\n<p align=\"justify\"><strong>ngg_shortcode_0_placeholder<\/strong><\/p>\n","protected":false},"excerpt":{"rendered":"<p>El 7 de mayo de 2025, en la Semana de la Moda de M\u00e9xico FW25, el dise\u00f1ador Abel L\u00f3pez present\u00f3 su colecci\u00f3n Oto\u00f1o Invierno 2025-2026 en asociaci\u00f3n con Bulgari, ofreciendo un espect\u00e1culo ricamente emotivo que fusion\u00f3 la nostalgia de la&hellip;<\/p>\n<p class=\"more-link-p\"><a class=\"more-link\" href=\"https:\/\/bobvarela.com\/?p=168729\">Read more &rarr;<\/a><\/p>\n","protected":false},"author":1,"featured_media":0,"comment_status":"open","ping_status":"open","sticky":false,"template":"","format":"standard","meta":{"ngg_post_thumbnail":0,"footnotes":""},"categories":[525,4],"tags":[],"class_list":["post-168729","post","type-post","status-publish","format-standard","hentry","category-mejico","category-moda"],"_links":{"self":[{"href":"https:\/\/bobvarela.com\/index.php?rest_route=\/wp\/v2\/posts\/168729","targetHints":{"allow":["GET"]}}],"collection":[{"href":"https:\/\/bobvarela.com\/index.php?rest_route=\/wp\/v2\/posts"}],"about":[{"href":"https:\/\/bobvarela.com\/index.php?rest_route=\/wp\/v2\/types\/post"}],"author":[{"embeddable":true,"href":"https:\/\/bobvarela.com\/index.php?rest_route=\/wp\/v2\/users\/1"}],"replies":[{"embeddable":true,"href":"https:\/\/bobvarela.com\/index.php?rest_route=%2Fwp%2Fv2%2Fcomments&post=168729"}],"version-history":[{"count":1,"href":"https:\/\/bobvarela.com\/index.php?rest_route=\/wp\/v2\/posts\/168729\/revisions"}],"predecessor-version":[{"id":168730,"href":"https:\/\/bobvarela.com\/index.php?rest_route=\/wp\/v2\/posts\/168729\/revisions\/168730"}],"wp:attachment":[{"href":"https:\/\/bobvarela.com\/index.php?rest_route=%2Fwp%2Fv2%2Fmedia&parent=168729"}],"wp:term":[{"taxonomy":"category","embeddable":true,"href":"https:\/\/bobvarela.com\/index.php?rest_route=%2Fwp%2Fv2%2Fcategories&post=168729"},{"taxonomy":"post_tag","embeddable":true,"href":"https:\/\/bobvarela.com\/index.php?rest_route=%2Fwp%2Fv2%2Ftags&post=168729"}],"curies":[{"name":"wp","href":"https:\/\/api.w.org\/{rel}","templated":true}]}}