{"id":168731,"date":"2025-05-15T09:10:39","date_gmt":"2025-05-15T13:10:39","guid":{"rendered":"https:\/\/bobvarela.com\/?p=168731"},"modified":"2025-05-15T09:10:39","modified_gmt":"2025-05-15T13:10:39","slug":"francisco-cancino-012-fashion-show","status":"publish","type":"post","link":"https:\/\/bobvarela.com\/?p=168731","title":{"rendered":"Francisco Cancino 012 Fashion Show"},"content":{"rendered":"<p align=\"justify\"><font size=\"3\">El 9 de mayo de 2025, Francisco Cancino present\u00f3 su colecci\u00f3n Oto\u00f1o-Invierno 2025, 012: La \u00daltima Ciudad, en la Semana de la Moda de M\u00e9xico, un homenaje conmovedor y visualmente rico a la Ciudad de M\u00e9xico. Con esta presentaci\u00f3n, Cancino cierra un cap\u00edtulo significativo en su exploraci\u00f3n de la identidad urbana, ofreciendo una despedida po\u00e9tica a la memoria estratificada y siempre cambiante de la capital.<\/font><\/p>\n<p align=\"justify\"><ins><font size=\"3\"><\/font><\/ins><\/p>\n<p align=\"justify\"><font size=\"3\">La colecci\u00f3n fusiona a la perfecci\u00f3n la tradici\u00f3n y la modernidad, honrando las profundas ra\u00edces artesanales de M\u00e9xico y expres\u00e1ndolas a trav\u00e9s de un lenguaje de dise\u00f1o contempor\u00e1neo. Detalles bordados a mano, textiles ind\u00edgenas y tejidos artesanales forman la base t\u00e1ctil de las prendas. Estos elementos se combinan cuidadosamente con siluetas geom\u00e9tricas audaces y cortes arquitect\u00f3nicos, creando un di\u00e1logo visual entre el pasado y el futuro.<\/font><\/p>\n<p align=\"justify\"><font size=\"3\">Lo que distingue a La \u00daltima Ciudad es su profunda resonancia cultural. M\u00e1s que una declaraci\u00f3n de moda, la colecci\u00f3n es una meditaci\u00f3n reflexiva sobre la transformaci\u00f3n de la vida urbana y su influencia en la identidad colectiva. Las prendas act\u00faan como recipientes de memoria, cada pieza cuenta una historia de lugar, p\u00e9rdida, resiliencia y adaptaci\u00f3n.<\/font><\/p>\n<p align=\"justify\"><ins><font size=\"3\"><\/font><\/ins><\/p>\n<p align=\"justify\"><font size=\"3\">Un elemento clave de la colecci\u00f3n es su naturaleza colaborativa. Cancino trabaj\u00f3 en estrecha colaboraci\u00f3n con m\u00e1s de 45 comunidades ind\u00edgenas en todo M\u00e9xico, reforzando su compromiso de larga data con las pr\u00e1cticas \u00e9ticas y el dise\u00f1o inclusivo. Su artesan\u00eda no solo es fundamental para la est\u00e9tica de la colecci\u00f3n, sino tambi\u00e9n parte integral de su narrativa emocional y cultural.<\/font><\/p>\n<p align=\"justify\"><font size=\"3\">La paleta presenta colores vibrantes que hacen eco del dinamismo de la ciudad, superpuestos con bordados y acabados artesanales que arraigan las prendas en el patrimonio. En 012: La \u00daltima Ciudad, Francisco Cancino ofrece m\u00e1s que un homenaje a la Ciudad de M\u00e9xico: crea una poderosa invitaci\u00f3n a reflexionar sobre la evoluci\u00f3n de la ciudad y su huella en aquellos que la llaman hogar.<\/font><\/p>\n<p align=\"justify\"><strong>ngg_shortcode_0_placeholder<\/strong><\/p>\n","protected":false},"excerpt":{"rendered":"<p>El 9 de mayo de 2025, Francisco Cancino present\u00f3 su colecci\u00f3n Oto\u00f1o-Invierno 2025, 012: La \u00daltima Ciudad, en la Semana de la Moda de M\u00e9xico, un homenaje conmovedor y visualmente rico a la Ciudad de M\u00e9xico. Con esta presentaci\u00f3n, Cancino&hellip;<\/p>\n<p class=\"more-link-p\"><a class=\"more-link\" href=\"https:\/\/bobvarela.com\/?p=168731\">Read more &rarr;<\/a><\/p>\n","protected":false},"author":1,"featured_media":0,"comment_status":"open","ping_status":"open","sticky":false,"template":"","format":"standard","meta":{"ngg_post_thumbnail":0,"footnotes":""},"categories":[4],"tags":[],"class_list":["post-168731","post","type-post","status-publish","format-standard","hentry","category-moda"],"_links":{"self":[{"href":"https:\/\/bobvarela.com\/index.php?rest_route=\/wp\/v2\/posts\/168731","targetHints":{"allow":["GET"]}}],"collection":[{"href":"https:\/\/bobvarela.com\/index.php?rest_route=\/wp\/v2\/posts"}],"about":[{"href":"https:\/\/bobvarela.com\/index.php?rest_route=\/wp\/v2\/types\/post"}],"author":[{"embeddable":true,"href":"https:\/\/bobvarela.com\/index.php?rest_route=\/wp\/v2\/users\/1"}],"replies":[{"embeddable":true,"href":"https:\/\/bobvarela.com\/index.php?rest_route=%2Fwp%2Fv2%2Fcomments&post=168731"}],"version-history":[{"count":1,"href":"https:\/\/bobvarela.com\/index.php?rest_route=\/wp\/v2\/posts\/168731\/revisions"}],"predecessor-version":[{"id":168732,"href":"https:\/\/bobvarela.com\/index.php?rest_route=\/wp\/v2\/posts\/168731\/revisions\/168732"}],"wp:attachment":[{"href":"https:\/\/bobvarela.com\/index.php?rest_route=%2Fwp%2Fv2%2Fmedia&parent=168731"}],"wp:term":[{"taxonomy":"category","embeddable":true,"href":"https:\/\/bobvarela.com\/index.php?rest_route=%2Fwp%2Fv2%2Fcategories&post=168731"},{"taxonomy":"post_tag","embeddable":true,"href":"https:\/\/bobvarela.com\/index.php?rest_route=%2Fwp%2Fv2%2Ftags&post=168731"}],"curies":[{"name":"wp","href":"https:\/\/api.w.org\/{rel}","templated":true}]}}