{"id":168739,"date":"2025-05-15T09:49:26","date_gmt":"2025-05-15T13:49:26","guid":{"rendered":"https:\/\/bobvarela.com\/?p=168739"},"modified":"2025-05-15T09:49:26","modified_gmt":"2025-05-15T13:49:26","slug":"instituto-de-cultura-puertorriquea-anuncia-actividades-gratuitas-para-celebrar-el-da-internacional-de-los-museos","status":"publish","type":"post","link":"https:\/\/bobvarela.com\/?p=168739","title":{"rendered":"Instituto de Cultura Puertorrique&ntilde;a anuncia actividades gratuitas para celebrar el D&iacute;a Internacional de los Museos"},"content":{"rendered":"<p align=\"center\"><i><font size=\"3\">El p\u00fablico podr\u00e1 disfrutar de una programaci\u00f3n especial en sus los museos del ICP en San Juan, Barranquitas, Utuado y San Germ\u00e1n <\/font><\/i><\/p>\n<p align=\"center\"><font size=\"3\"><a href=\"https:\/\/bobvarela.com\/wp-content\/uploads\/2025\/05\/CasaBlanca.jpg\"><img loading=\"lazy\" decoding=\"async\" width=\"399\" height=\"266\" title=\"CasaBlanca\" style=\"display: inline; background-image: none;\" alt=\"CasaBlanca\" src=\"https:\/\/bobvarela.com\/wp-content\/uploads\/2025\/05\/CasaBlanca_thumb.jpg\" border=\"0\"\/><\/a><\/font><\/p>\n<p align=\"justify\"><font size=\"3\">El Instituto de Cultura Puertorrique\u00f1a (ICP) anunci\u00f3 una serie de actividades gratuitas que se llevar\u00e1n a cabo este fin de semana en algunos de sus museos y parques en San Juan, Barranquitas, Utuado y San Germ\u00e1n para celebrar el D\u00eda Internacional de los Museos. La celebraci\u00f3n de ese d\u00eda fue creada en 1977 por el Consejo Internacional de Museos (ICOM) para promover el conocimiento y la importancia de los museos.&nbsp; <\/font><\/p>\n<p align=\"justify\"><font size=\"3\">Cada a\u00f1o, con el D\u00eda Internacional de los Museos se busca concienciar la importancia, desarrollo y aportaci\u00f3n cultural de los pueblos.&nbsp; Este a\u00f1o, se buscar visibilizar el papel que representan los museos en las econom\u00edas locales, las oportunidades de empleo y el desarrollo sostenible como centros culturales.&nbsp; <\/font><\/p>\n<p align=\"center\"><font size=\"3\"><a href=\"https:\/\/bobvarela.com\/wp-content\/uploads\/2025\/05\/CAGUANA_LR.jpg\"><img loading=\"lazy\" decoding=\"async\" width=\"400\" height=\"224\" title=\"CAGUANA_LR\" style=\"display: inline; background-image: none;\" alt=\"CAGUANA_LR\" src=\"https:\/\/bobvarela.com\/wp-content\/uploads\/2025\/05\/CAGUANA_LR_thumb.jpg\" border=\"0\"\/><\/a><\/font><\/p>\n<p align=\"justify\"><font size=\"3\">El s\u00e1bado, 17 de mayo, a las 2:00 pm, en el Mausoleo de la familia Mu\u00f1oz Rivera de Barranquitas se realizar\u00e1 una lectura de cuentos al aire libre bajo el t\u00edtulo Historias entre la Historia, con la participaci\u00f3n de la organizaci\u00f3n Lee Conmigo. La programaci\u00f3n continuar\u00e1 el domingo, 18 de mayo, en el Centro Ceremonial Ind\u00edgena de Caguana en Utuado, con actividades desde la 1:30 pm, iniciando con la conferencia Entre bateyes y petroglifos: nuevas perspectivas arqueol\u00f3gicas de Caguana a cargo del Dr. Reniel Rodr\u00edguez. Mientras, a las 3:00 pm, el p\u00fablico podr\u00e1 disfrutar de una ceremonia de areyto, que resalta las costumbres de nuestros ancestros ta\u00ednos. Ese mismo d\u00eda en el Museo de Arte Religioso Porta Coeli en San Germ\u00e1n, tambi\u00e9n se llevar\u00e1n a cabo actividades para conmemorar el D\u00eda Internacional de los Museos. A las 2:00 pm, se celebrar\u00e1 \u00a1Nuestra M\u00fasica T\u00edpica Vive! con el cuatrista y trovador puertorrique\u00f1o Irving Santiago. Mientras, simult\u00e1neamente a las 2:00 pm en los jardines del Museo Casa Blanca en Viejo San Juan se llevar\u00e1 a cabo Taller de Bomba \u201cPies que hablan\u201d con Marcos Pe\u00f1aloza y la Compa\u00f1\u00eda Folcl\u00f3rica de Lo\u00edza. <\/font><\/p>\n<p align=\"center\"><font size=\"3\"><a href=\"https:\/\/bobvarela.com\/wp-content\/uploads\/2025\/05\/PortaCoeli_SanGerman.jpg\"><img loading=\"lazy\" decoding=\"async\" width=\"356\" height=\"267\" title=\"PortaCoeli_SanGerman\" style=\"display: inline; background-image: none;\" alt=\"PortaCoeli_SanGerman\" src=\"https:\/\/bobvarela.com\/wp-content\/uploads\/2025\/05\/PortaCoeli_SanGerman_thumb.jpg\" border=\"0\"\/><\/a><\/font><\/p>\n<p align=\"justify\"><font size=\"3\">El D\u00eda Internacional de los Museos re\u00fane a la comunidad muse\u00edstica internacional con eventos culturales que promueven el conocimiento, intercambio y la diversidad cultural.&nbsp; Se busca crear conciencia sobre la importancia de la cultura de cada uno de los pa\u00edses. <\/font><\/p>\n<p align=\"justify\"><font size=\"3\">Para m\u00e1s informaci\u00f3n sobre esta y otras actividades del ICP puede seguir sus cuentas oficiales en las redes sociales.<\/font><\/p>\n","protected":false},"excerpt":{"rendered":"<p>El p\u00fablico podr\u00e1 disfrutar de una programaci\u00f3n especial en sus los museos del ICP en San Juan, Barranquitas, Utuado y San Germ\u00e1n El Instituto de Cultura Puertorrique\u00f1a (ICP) anunci\u00f3 una serie de actividades gratuitas que se llevar\u00e1n a cabo este&hellip;<\/p>\n<p class=\"more-link-p\"><a class=\"more-link\" href=\"https:\/\/bobvarela.com\/?p=168739\">Read more &rarr;<\/a><\/p>\n","protected":false},"author":1,"featured_media":0,"comment_status":"open","ping_status":"open","sticky":false,"template":"","format":"standard","meta":{"ngg_post_thumbnail":0,"footnotes":""},"categories":[3],"tags":[],"class_list":["post-168739","post","type-post","status-publish","format-standard","hentry","category-actividades"],"_links":{"self":[{"href":"https:\/\/bobvarela.com\/index.php?rest_route=\/wp\/v2\/posts\/168739","targetHints":{"allow":["GET"]}}],"collection":[{"href":"https:\/\/bobvarela.com\/index.php?rest_route=\/wp\/v2\/posts"}],"about":[{"href":"https:\/\/bobvarela.com\/index.php?rest_route=\/wp\/v2\/types\/post"}],"author":[{"embeddable":true,"href":"https:\/\/bobvarela.com\/index.php?rest_route=\/wp\/v2\/users\/1"}],"replies":[{"embeddable":true,"href":"https:\/\/bobvarela.com\/index.php?rest_route=%2Fwp%2Fv2%2Fcomments&post=168739"}],"version-history":[{"count":1,"href":"https:\/\/bobvarela.com\/index.php?rest_route=\/wp\/v2\/posts\/168739\/revisions"}],"predecessor-version":[{"id":168740,"href":"https:\/\/bobvarela.com\/index.php?rest_route=\/wp\/v2\/posts\/168739\/revisions\/168740"}],"wp:attachment":[{"href":"https:\/\/bobvarela.com\/index.php?rest_route=%2Fwp%2Fv2%2Fmedia&parent=168739"}],"wp:term":[{"taxonomy":"category","embeddable":true,"href":"https:\/\/bobvarela.com\/index.php?rest_route=%2Fwp%2Fv2%2Fcategories&post=168739"},{"taxonomy":"post_tag","embeddable":true,"href":"https:\/\/bobvarela.com\/index.php?rest_route=%2Fwp%2Fv2%2Ftags&post=168739"}],"curies":[{"name":"wp","href":"https:\/\/api.w.org\/{rel}","templated":true}]}}