{"id":168951,"date":"2025-05-27T08:42:38","date_gmt":"2025-05-27T12:42:38","guid":{"rendered":"https:\/\/bobvarela.com\/?p=168951"},"modified":"2025-05-27T08:42:38","modified_gmt":"2025-05-27T12:42:38","slug":"la-violinista-espaola-mara-florea-se-une-al-festival-casals-2025-con-una-serie-conciertos-gratuitos-alrededor-de-puerto-rico","status":"publish","type":"post","link":"https:\/\/bobvarela.com\/?p=168951","title":{"rendered":"La violinista espa&ntilde;ola Mar&iacute;a Florea se une al Festival Casals 2025 con una serie conciertos gratuitos alrededor de Puerto Rico"},"content":{"rendered":"<p align=\"center\"><font size=\"3\">Estas presentaciones en San Juan, Mayag\u00fcez, San Germ\u00e1n y Ponce ser\u00e1n posible gracias a un acuerdo con la Embajada de Espa\u00f1a en los Estados Unidos<\/font><\/p>\n<p align=\"center\"><font size=\"3\"><a href=\"https:\/\/bobvarela.com\/wp-content\/uploads\/2025\/05\/Maria-Florea-violin.jpg\"><img loading=\"lazy\" decoding=\"async\" width=\"244\" height=\"164\" title=\"Mar&iacute;a Florea, viol&iacute;n\" style=\"display: inline; background-image: none;\" alt=\"Mar&iacute;a Florea, viol&iacute;n\" src=\"https:\/\/bobvarela.com\/wp-content\/uploads\/2025\/05\/Maria-Florea-violin_thumb.jpg\" border=\"0\"\/><\/a><\/font><\/p>\n<p align=\"justify\"><font size=\"3\">La destacada violinista espa\u00f1ola Maria Florea se unir\u00e1 al Festival Casals 2025 como parte de un acuerdo especial con la Embajada de Espa\u00f1a en los Estados Unidos, a trav\u00e9s de su iniciativa \u201cSpain Arts and Culture\u201d y su programa \u201cSpanish Young Music Talents Meet America\u201d. Como parte de esta colaboraci\u00f3n cultural, Florea ofrecer\u00e1 una serie de conciertos gratuitos en distintos pueblos de Puerto Rico, incluyendo San Juan, San Germ\u00e1n, Mayag\u00fcez y Ponce. Estas presentaciones forman parte de la misi\u00f3n del Festival Casals de promover el talento musical internacional y fomentar el acceso a experiencias culturales de excelencia para el p\u00fablico puertorrique\u00f1o.<\/font><\/p>\n<p align=\"justify\"><font size=\"3\">Las presentaciones se llevar\u00e1n a cabo en las siguientes fechas y lugares: el martes, 27 de mayo, a las 5:00 p.m., en la Sala Anthony \u201cJunior\u201d Soto del Teatro Bertita y Guillermo Mart\u00ednez del Conservatorio de M\u00fasica de Puerto Rico en Santurce; el jueves, 29 de mayo, a las 7:00 p.m., en el Museo de Arte Religioso Porta Coeli en San Germ\u00e1n; el s\u00e1bado, 31 de mayo, a las 7:00 p.m., en el Teatro de la Pontificia Universidad Cat\u00f3lica de Puerto Rico en Mayag\u00fcez; y el domingo, 1 de junio, a las 4:00 p.m., en el Teatro Monse\u00f1or Vicente Murga de la Pontificia Universidad Cat\u00f3lica de Puerto Rico en Ponce.<\/font><\/p>\n<p align=\"justify\"><font size=\"3\">El repertorio incluir\u00e1 las piezas M\u00e9n\u00e9trier, de Impresiones de infancia, Op. 28 de George Enescu; Partita para viol\u00edn solo n\u00fam. 2 en re menor de Johann Sebastian Bach; Recitativo y Scherzo-Capricho, Op. 6 de Fritz Kreisler; y Obsesi\u00f3n, de la Sonata n\u00fam. 2, Op. 27 de Eug\u00e8ne Ysa\u00ffe.<\/font><\/p>\n<p align=\"justify\"><font size=\"3\">Criada en una familia de m\u00fasicos y actrices, Maria Florea comenz\u00f3 su formaci\u00f3n en viol\u00edn desde muy joven y estudi\u00f3 con renombrados maestros en prestigiosas escuelas europeas. Como solista, ha actuado en destacados escenarios de Europa y China, incluyendo el Auditori de Barcelona, el Teatro Monumental de Madrid y el festival Enescu de Bucarest. Su trayectoria reciente la ha llevado a la Schubert\u00edada de Vilabertran, la Fundaci\u00f3n Juan March y el festival PAAX en M\u00e9xico. Colabora con diversas orquestas y ensembles, como la OBC, OSV y el Esbjerg Ensemble, y ha realizado su primera grabaci\u00f3n con el Ensemble Bayona. Es miembro fundadora del Trio da Vinci, ganadores del Premio BBVA Montserrat Alavedra, y cofundadora de The Rest Project, un innovador concepto de concierto. Actualmente, toca un viol\u00edn de Eduard Sitjas Bonet, fabricado en Girona en 2024.<\/font><\/p>\n<p align=\"justify\"><font size=\"3\">Para m\u00e1s informaci\u00f3n sobre estos y otros eventos del Festival Casals puede seguir sus redes sociales en Facebook e Instagram. Los boletos para todos los conciertos del Festival Casals est\u00e1n disponibles en Ticketera, Ticketcenter y la boleter\u00eda del Centro de Bellas Artes de Santurce.<\/font><\/p>\n","protected":false},"excerpt":{"rendered":"<p>Estas presentaciones en San Juan, Mayag\u00fcez, San Germ\u00e1n y Ponce ser\u00e1n posible gracias a un acuerdo con la Embajada de Espa\u00f1a en los Estados Unidos La destacada violinista espa\u00f1ola Maria Florea se unir\u00e1 al Festival Casals 2025 como parte de&hellip;<\/p>\n<p class=\"more-link-p\"><a class=\"more-link\" href=\"https:\/\/bobvarela.com\/?p=168951\">Read more &rarr;<\/a><\/p>\n","protected":false},"author":1,"featured_media":0,"comment_status":"open","ping_status":"open","sticky":false,"template":"","format":"standard","meta":{"ngg_post_thumbnail":0,"footnotes":""},"categories":[3,127],"tags":[],"class_list":["post-168951","post","type-post","status-publish","format-standard","hentry","category-actividades","category-musica"],"_links":{"self":[{"href":"https:\/\/bobvarela.com\/index.php?rest_route=\/wp\/v2\/posts\/168951","targetHints":{"allow":["GET"]}}],"collection":[{"href":"https:\/\/bobvarela.com\/index.php?rest_route=\/wp\/v2\/posts"}],"about":[{"href":"https:\/\/bobvarela.com\/index.php?rest_route=\/wp\/v2\/types\/post"}],"author":[{"embeddable":true,"href":"https:\/\/bobvarela.com\/index.php?rest_route=\/wp\/v2\/users\/1"}],"replies":[{"embeddable":true,"href":"https:\/\/bobvarela.com\/index.php?rest_route=%2Fwp%2Fv2%2Fcomments&post=168951"}],"version-history":[{"count":1,"href":"https:\/\/bobvarela.com\/index.php?rest_route=\/wp\/v2\/posts\/168951\/revisions"}],"predecessor-version":[{"id":168952,"href":"https:\/\/bobvarela.com\/index.php?rest_route=\/wp\/v2\/posts\/168951\/revisions\/168952"}],"wp:attachment":[{"href":"https:\/\/bobvarela.com\/index.php?rest_route=%2Fwp%2Fv2%2Fmedia&parent=168951"}],"wp:term":[{"taxonomy":"category","embeddable":true,"href":"https:\/\/bobvarela.com\/index.php?rest_route=%2Fwp%2Fv2%2Fcategories&post=168951"},{"taxonomy":"post_tag","embeddable":true,"href":"https:\/\/bobvarela.com\/index.php?rest_route=%2Fwp%2Fv2%2Ftags&post=168951"}],"curies":[{"name":"wp","href":"https:\/\/api.w.org\/{rel}","templated":true}]}}