{"id":169062,"date":"2025-06-01T11:44:15","date_gmt":"2025-06-01T15:44:15","guid":{"rendered":"https:\/\/bobvarela.com\/?p=169062"},"modified":"2025-06-01T11:44:15","modified_gmt":"2025-06-01T15:44:15","slug":"puerto-rico-se-enciende-llega-la-semana-de-la-msica-urbana","status":"publish","type":"post","link":"https:\/\/bobvarela.com\/?p=169062","title":{"rendered":"&iexcl;Puerto Rico se enciende! Llega la Semana de la M&uacute;sica Urbana"},"content":{"rendered":"<p align=\"center\"><font size=\"3\"><\/font><\/p>\n<p align=\"center\"><font size=\"3\"><a href=\"https:\/\/bobvarela.com\/wp-content\/uploads\/2025\/06\/1000098333.jpg\"><img loading=\"lazy\" decoding=\"async\" width=\"372\" height=\"374\" title=\"1000098333\" style=\"display: inline; background-image: none;\" alt=\"1000098333\" src=\"https:\/\/bobvarela.com\/wp-content\/uploads\/2025\/06\/1000098333_thumb.jpg\" border=\"0\"\/><\/a><\/font><\/p>\n<p align=\"justify\"><font size=\"3\">La isla del encanto, Puerto Rico, se llena de m\u00fasica, ritmos y sabor urbano la pr\u00f3xima semana con el comienzo de \u201cTu M\u00fasica Urban &amp; Tropical Conference\u201d que se realizar\u00e1 a partir del pr\u00f3ximo martes, 2 de junio de 2025. <\/font><\/p>\n<p align=\"justify\"><font size=\"3\">Las conferencias tienen como prop\u00f3sito adiestrar, exponer y provocar un espacio de networking donde los participantes aprendan y actualicen sus conocimientos acerca del negocio de la m\u00fasica urbana y tropical. <\/font><\/p>\n<p align=\"justify\"><font size=\"3\">Los paneles informativos son la antesala a la gran noche de la m\u00fasica Urbana en la isla, con el estreno de la quinta edici\u00f3n de los \u201cPremios Tu M\u00fasica Urbano\u201d<\/font><\/p>\n<p align=\"center\"><font size=\"3\"><a href=\"https:\/\/bobvarela.com\/wp-content\/uploads\/2025\/06\/1000098334.jpg\"><img loading=\"lazy\" decoding=\"async\" width=\"293\" height=\"409\" title=\"1000098334\" style=\"display: inline; background-image: none;\" alt=\"1000098334\" src=\"https:\/\/bobvarela.com\/wp-content\/uploads\/2025\/06\/1000098334_thumb.jpg\" border=\"0\"\/><\/a><\/font><\/p>\n<p align=\"justify\"><font size=\"3\">Reconociendo el valor que estos eventos representan para la proyecci\u00f3n internacional de la isla, la Compa\u00f1\u00eda de Turismo de Puerto Rico participa en esta edici\u00f3n como parte de su compromiso con el desarrollo cultural y econ\u00f3mico del pa\u00eds. <\/font><\/p>\n<p align=\"justify\"><font size=\"3\">\u201cEn la Compa\u00f1\u00eda de Turismo de Puerto Rico nos llena de entusiasmo ser part\u00edcipes de la celebraci\u00f3n de Los Premios Tu M\u00fasica Urbano 2025 y de la Conferencia de la M\u00fasica Urbana y Tropical. Es gratificante que un evento de esta magnitud y relevancia internacional se lleve a cabo en nuestra Isla, reafirmando a Puerto Rico como un destino ideal para destacar la evoluci\u00f3n y el impacto global, no solo del g\u00e9nero urbano, sino de la m\u00fasica latina en general. Adem\u00e1s de exaltar el talento de nuestros artistas locales, y tambi\u00e9n el de grandes exponentes de pa\u00edses hermanos que han conquistado al mundo; este evento proyecta un impacto econ\u00f3mico estimado en m\u00e1s de $8.5 millones de d\u00f3lares para la Isla, incluyendo ingresos por estad\u00edas, consumo de visitantes y producci\u00f3n\u201d, expres\u00f3 la directora ejecutiva de la Compa\u00f1\u00eda de Turismo de Puerto Rico, Willianette Robles Cancel. <\/font><\/p>\n<p align=\"justify\"><font size=\"3\">\u201cEste tipo de iniciativas fortalece el turismo cultural, uno de los principales pilares estrat\u00e9gicos de nuestra industria tur\u00edstica, tal como ha sido establecido por la administraci\u00f3n de la gobernadora Jennifer Gonz\u00e1lez Col\u00f3n. De igual forma, la proyecci\u00f3n medi\u00e1tica internacional que generar\u00e1 este evento, junto con los cientos de visitantes que atraer\u00e1, sin duda contribuir\u00e1 significativamente al posicionamiento de Puerto Rico como un destino de entretenimiento de clase mundial\u201d, a\u00f1adi\u00f3.<\/font><\/p>\n<p align=\"justify\"><font size=\"3\">Entre los artistas confirmados para presentaciones se encuentran: \u00c1lvaro D\u00edaz, Anuel AA, Boza, Brray, Casper M\u00e1gico, Chencho Corleone, Christian Alicea, De La Rose, Elena Rose, Elvis Crespo, Jay Wheeler, Jerry Rivera, Jowell y Randy, Ken-Y, La Tribu de Abrante, Lomiiel, Onell D\u00edaz y Yailin La M\u00e1s Viral.<\/font><\/p>\n<p align=\"justify\"><font size=\"3\">Los premios especiales recaer\u00e1 en: Jowell &amp; Randy con el Premio a la Trayectoria<\/font><\/p>\n<p align=\"justify\"><font size=\"3\">Chencho Corleone con una Dedicatoria Especial por su impacto cultural y evoluci\u00f3n dentro del reguet\u00f3n. Elvis Crespo recibir\u00e1 el Premio del Pueblo, un galard\u00f3n otorgado por el cari\u00f1o inquebrantable de su p\u00fablico.<\/font><\/p>\n<p align=\"center\"><font size=\"3\"><a href=\"https:\/\/bobvarela.com\/wp-content\/uploads\/2025\/06\/IMG_0698.jpg\"><img loading=\"lazy\" decoding=\"async\" width=\"453\" height=\"351\" title=\"IMG_0698\" style=\"display: inline; background-image: none;\" alt=\"IMG_0698\" src=\"https:\/\/bobvarela.com\/wp-content\/uploads\/2025\/06\/IMG_0698_thumb.jpg\" border=\"0\"\/><\/a><\/font><\/p>\n<p align=\"justify\"><font size=\"3\">\u201cNos sentimos profundamente agradecidos y entusiasmados de celebrar la quinta edici\u00f3n de los Premios Tu M\u00fasica Urbano. Este proyecto solo es posible gracias al respaldo de todos ustedes. La capacidad que tiene este evento de reunir a la industria de la m\u00fasica urbana en Puerto Rico es vital para nuestra proyecci\u00f3n y relevancia como mercado. Desde su inicio en el 2019, hemos sido testigos de una evoluci\u00f3n constante en el g\u00e9nero, y precisamente eso es lo que hace este encuentro tan significativo\u201d, expres\u00f3 la productora ejecutiva de Premios Tu M\u00fasica Urbano, Soraya S\u00e1nchez.<\/font><\/p>\n<p align=\"justify\"><font size=\"3\">La edici\u00f3n #5 de los Premios Tu M\u00fasica Urbana contar\u00e1 con la conducci\u00f3n Carlos Adyan y Gil L\u00f3pez, mientras que la alfombra azul ser\u00e1 moderada por Maripily, Shalimar Rivera y \u201cCaramelo\u201d, participante de La Casa de los Famosos All-Stars, dar\u00e1n la bienvenida a los artistas e invitados en la antesala del espect\u00e1culo.<\/font><\/p>\n<p align=\"justify\"><font size=\"3\">La velada se llevar\u00e1 a cabo en Vivo Beach Club, en el municipio de Carolina, desde las 7:00 pm, y ser\u00e1 transmitida a nivel internacional por Telemundo Puerto Rico, Telemundo Internacional y Universo<\/font><\/p>\n","protected":false},"excerpt":{"rendered":"<p>La isla del encanto, Puerto Rico, se llena de m\u00fasica, ritmos y sabor urbano la pr\u00f3xima semana con el comienzo de \u201cTu M\u00fasica Urban &amp; Tropical Conference\u201d que se realizar\u00e1 a partir del pr\u00f3ximo martes, 2 de junio de 2025.&hellip;<\/p>\n<p class=\"more-link-p\"><a class=\"more-link\" href=\"https:\/\/bobvarela.com\/?p=169062\">Read more &rarr;<\/a><\/p>\n","protected":false},"author":1,"featured_media":0,"comment_status":"open","ping_status":"open","sticky":false,"template":"","format":"standard","meta":{"ngg_post_thumbnail":0,"footnotes":""},"categories":[3,127],"tags":[],"class_list":["post-169062","post","type-post","status-publish","format-standard","hentry","category-actividades","category-musica"],"_links":{"self":[{"href":"https:\/\/bobvarela.com\/index.php?rest_route=\/wp\/v2\/posts\/169062","targetHints":{"allow":["GET"]}}],"collection":[{"href":"https:\/\/bobvarela.com\/index.php?rest_route=\/wp\/v2\/posts"}],"about":[{"href":"https:\/\/bobvarela.com\/index.php?rest_route=\/wp\/v2\/types\/post"}],"author":[{"embeddable":true,"href":"https:\/\/bobvarela.com\/index.php?rest_route=\/wp\/v2\/users\/1"}],"replies":[{"embeddable":true,"href":"https:\/\/bobvarela.com\/index.php?rest_route=%2Fwp%2Fv2%2Fcomments&post=169062"}],"version-history":[{"count":1,"href":"https:\/\/bobvarela.com\/index.php?rest_route=\/wp\/v2\/posts\/169062\/revisions"}],"predecessor-version":[{"id":169063,"href":"https:\/\/bobvarela.com\/index.php?rest_route=\/wp\/v2\/posts\/169062\/revisions\/169063"}],"wp:attachment":[{"href":"https:\/\/bobvarela.com\/index.php?rest_route=%2Fwp%2Fv2%2Fmedia&parent=169062"}],"wp:term":[{"taxonomy":"category","embeddable":true,"href":"https:\/\/bobvarela.com\/index.php?rest_route=%2Fwp%2Fv2%2Fcategories&post=169062"},{"taxonomy":"post_tag","embeddable":true,"href":"https:\/\/bobvarela.com\/index.php?rest_route=%2Fwp%2Fv2%2Ftags&post=169062"}],"curies":[{"name":"wp","href":"https:\/\/api.w.org\/{rel}","templated":true}]}}