{"id":169068,"date":"2025-06-03T07:53:56","date_gmt":"2025-06-03T11:53:56","guid":{"rendered":"https:\/\/bobvarela.com\/?p=169068"},"modified":"2025-06-03T07:53:56","modified_gmt":"2025-06-03T11:53:56","slug":"festival-casals-2025-culmina-esta-semana-con-presentaciones-de-ulysses-quartet-y-mark-kosower-junto-a-la-ospr","status":"publish","type":"post","link":"https:\/\/bobvarela.com\/?p=169068","title":{"rendered":"Festival Casals 2025 culmina esta semana con presentaciones de Ulysses Quartet y Mark Kosower junto a la OSPR"},"content":{"rendered":"<p align=\"center\"><font size=\"3\"><a href=\"https:\/\/bobvarela.com\/wp-content\/uploads\/2025\/06\/UlyssesQuartet.jpg\"><img loading=\"lazy\" decoding=\"async\" width=\"245\" height=\"342\" title=\"UlyssesQuartet\" style=\"display: inline; background-image: none;\" alt=\"UlyssesQuartet\" src=\"https:\/\/bobvarela.com\/wp-content\/uploads\/2025\/06\/UlyssesQuartet_thumb.jpg\" border=\"0\"\/><\/a><\/font><\/p>\n<p align=\"justify\"><font size=\"3\">Luego de dos fines de semana repletos de m\u00fasica y talento, el Festival Casals 2025 se prepara para su \u00faltima semana con dos conciertos de alto nivel que prometen un cierre espectacular.<br \/>El mi\u00e9rcoles, 4 de junio, a las 7:00 p.m., el Ulysses Quartet, compuesto por cuatro virtuosos de cuerdas provenientes de Canad\u00e1, Estados Unidos y Taiw\u00e1n, se presentar\u00e1 en el Conservatorio de M\u00fasica de Puerto Rico. Para esta velada especial, el cuarteto interpretar\u00e1 obras de Haydn, Auerbach y Dvo?\u00e1k. Considerados uno de los cuartetos de cuerda m\u00e1s emocionantes de la actualidad, el Ulysses Quartet cautivar\u00e1 al p\u00fablico puertorrique\u00f1o con su audacia y frescura interpretativa.<br \/>Fundado hace diez a\u00f1os, Ulysses Quartet se ha consolidado como un referente en la m\u00fasica de c\u00e1mara, con una trayectoria destacada que incluye premios internacionales, residencias en instituciones prestigiosas como Juilliard y GBH Music, y presentaciones en escenarios emblem\u00e1ticos como Carnegie Hall y Wigmore Hall. Con un enfoque que combina excelencia art\u00edstica y compromiso con la educaci\u00f3n musical, el cuarteto ha desarrollado programas interactivos y talleres para acercar la m\u00fasica cl\u00e1sica a diversas audiencias, adem\u00e1s de impulsar la obra de compositores subrepresentados. Su discograf\u00eda refleja la versatilidad y pasi\u00f3n por explorar el repertorio tanto tradicional como contempor\u00e1neo.<br \/>La clausura del festival ser\u00e1 el s\u00e1bado, 7 de junio, a las 7:00 p.m., en la Sala Sinf\u00f3nica Pablo Casals del Centro de Bellas Artes Luis A. Ferr\u00e9 (CBA). Este concierto de cierre contar\u00e1 con la participaci\u00f3n del renombrado violonchelista estadounidense Mark Kosower, quien se presentar\u00e1 como solista junto a la Orquesta Sinf\u00f3nica de Puerto Rico (OSPR), dirigida por su director titular, Maximiano Vald\u00e9s. El programa incluir\u00e1 la monumental Sinfon\u00eda n\u00fam. 5 de Gustav Mahler y el Concierto n\u00fam. 2 de Alberto Ginastera, ofreciendo una experiencia inolvidable para los amantes de la m\u00fasica cl\u00e1sica.<\/font><\/p>\n<p align=\"center\"><a href=\"https:\/\/bobvarela.com\/wp-content\/uploads\/2025\/06\/Mark_Kosower_chelo.jpg\"><img loading=\"lazy\" decoding=\"async\" width=\"276\" height=\"345\" title=\"Mark_Kosower_chelo\" style=\"display: inline; background-image: none;\" alt=\"Mark_Kosower_chelo\" src=\"https:\/\/bobvarela.com\/wp-content\/uploads\/2025\/06\/Mark_Kosower_chelo_thumb.jpg\" border=\"0\"\/><\/a><\/p>\n<p align=\"justify\"><font size=\"3\">Kosower, destacado por su sonido distintivo y su versatilidad interpretativa, es el violonchelista principal de la Orquesta de Cleveland y un reconocido solista y m\u00fasico de c\u00e1mara. Su repertorio abarca tanto obras cl\u00e1sicas ampliamente interpretadas como conciertos menos conocidos de compositores como Alberto Ginastera y Miklos Rozsa, con grabaciones para sellos como Naxos y Delos. En 2017, lanz\u00f3 la iniciativa Bach for Humanity para llevar la m\u00fasica de Bach a diversas comunidades, incluyendo refugios y centros educativos. Ha actuado como solista con prestigiosas orquestas de Estados Unidos, Europa, Asia y Am\u00e9rica Latina, y se ha presentado con gran \u00e9xito en festivales internacionales.<br \/>El Festival Casals, organizado por la Corporaci\u00f3n de las Artes Esc\u00e9nico Musicales, es uno de los principales eventos de m\u00fasica cl\u00e1sica en el Caribe, consolid\u00e1ndose como una plataforma para artistas de renombre internacional y un punto de encuentro para los seguidores de este g\u00e9nero.<\/font><\/p>\n<p align=\"justify\">Los boletos est\u00e1n disponibles en Ticketera, Ticket Center y la boleter\u00eda del CBA.<\/p>\n","protected":false},"excerpt":{"rendered":"<p>Luego de dos fines de semana repletos de m\u00fasica y talento, el Festival Casals 2025 se prepara para su \u00faltima semana con dos conciertos de alto nivel que prometen un cierre espectacular.El mi\u00e9rcoles, 4 de junio, a las 7:00 p.m.,&hellip;<\/p>\n<p class=\"more-link-p\"><a class=\"more-link\" href=\"https:\/\/bobvarela.com\/?p=169068\">Read more &rarr;<\/a><\/p>\n","protected":false},"author":1,"featured_media":0,"comment_status":"open","ping_status":"open","sticky":false,"template":"","format":"standard","meta":{"ngg_post_thumbnail":0,"footnotes":""},"categories":[3,127],"tags":[],"class_list":["post-169068","post","type-post","status-publish","format-standard","hentry","category-actividades","category-musica"],"_links":{"self":[{"href":"https:\/\/bobvarela.com\/index.php?rest_route=\/wp\/v2\/posts\/169068","targetHints":{"allow":["GET"]}}],"collection":[{"href":"https:\/\/bobvarela.com\/index.php?rest_route=\/wp\/v2\/posts"}],"about":[{"href":"https:\/\/bobvarela.com\/index.php?rest_route=\/wp\/v2\/types\/post"}],"author":[{"embeddable":true,"href":"https:\/\/bobvarela.com\/index.php?rest_route=\/wp\/v2\/users\/1"}],"replies":[{"embeddable":true,"href":"https:\/\/bobvarela.com\/index.php?rest_route=%2Fwp%2Fv2%2Fcomments&post=169068"}],"version-history":[{"count":1,"href":"https:\/\/bobvarela.com\/index.php?rest_route=\/wp\/v2\/posts\/169068\/revisions"}],"predecessor-version":[{"id":169069,"href":"https:\/\/bobvarela.com\/index.php?rest_route=\/wp\/v2\/posts\/169068\/revisions\/169069"}],"wp:attachment":[{"href":"https:\/\/bobvarela.com\/index.php?rest_route=%2Fwp%2Fv2%2Fmedia&parent=169068"}],"wp:term":[{"taxonomy":"category","embeddable":true,"href":"https:\/\/bobvarela.com\/index.php?rest_route=%2Fwp%2Fv2%2Fcategories&post=169068"},{"taxonomy":"post_tag","embeddable":true,"href":"https:\/\/bobvarela.com\/index.php?rest_route=%2Fwp%2Fv2%2Ftags&post=169068"}],"curies":[{"name":"wp","href":"https:\/\/api.w.org\/{rel}","templated":true}]}}