{"id":169072,"date":"2025-06-06T10:45:08","date_gmt":"2025-06-06T14:45:08","guid":{"rendered":"https:\/\/bobvarela.com\/?p=169072"},"modified":"2025-06-06T10:45:08","modified_gmt":"2025-06-06T14:45:08","slug":"instituto-de-cultura-puertorriquea-presenta-bohemia-con-jacqueline-cap-en-bayamn","status":"publish","type":"post","link":"https:\/\/bobvarela.com\/?p=169072","title":{"rendered":"Instituto de Cultura Puertorrique&ntilde;a presenta bohemia con Jacqueline Cap&oacute; en Bayam&oacute;n"},"content":{"rendered":"<p align=\"center\"><i><font size=\"3\">Este concierto gratuito celebrar\u00e1 el legado femenino en el bolero puertorrique\u00f1o<\/font><\/i><\/p>\n<p align=\"center\"><font size=\"3\"><a href=\"https:\/\/bobvarela.com\/wp-content\/uploads\/2025\/06\/Foto-Jacqueline-Capo-.jpg\"><img loading=\"lazy\" decoding=\"async\" width=\"241\" height=\"314\" title=\"Foto Jacqueline Capo? \" style=\"display: inline; background-image: none;\" alt=\"Foto Jacqueline Capo? \" src=\"https:\/\/bobvarela.com\/wp-content\/uploads\/2025\/06\/Foto-Jacqueline-Capo-_thumb.jpg\" border=\"0\"\/><\/a><\/font><\/p>\n<p align=\"justify\"><font size=\"3\">El Instituto de Cultura Puertorrique\u00f1a (ICP) anunci\u00f3 que llevar\u00e1 a cabo una bohemia con Jacqueline Cap\u00f3 este domingo, 8 de junio, a las 4:00 p.m. en el Teatro Braulio Castillo de Bayam\u00f3n. La int\u00e9rprete deleitar\u00e1 al p\u00fablico con un concierto gratuito que resaltar\u00e1 el rol de la mujer en el g\u00e9nero del bolero tradicional, destacando figuras como Sylvia Rexach, Puchi Balseiro, Carmen Delia Dipin\u00ed, Mary Pacheco y Lucy Fabery, entre otras. Durante la velada musical tambi\u00e9n se reconocer\u00e1 la trayectoria de la cantante y bolerista Ida Claudio.<\/font><\/p>\n<p align=\"justify\"><font size=\"3\">\u201cQueremos invitar a todos a que nos acompa\u00f1en en esta tarde especial, donde celebraremos la voz femenina en el bolero y su impacto en nuestra cultura. Es un honor reconocer el talento de Jacqueline Cap\u00f3 y rendir homenaje a grandes figuras como Ida Claudio\u201d, expres\u00f3 Melissa Santana, directora ejecutiva del ICP.<\/font><\/p>\n<p align=\"justify\"><font size=\"3\">Jacqueline Cap\u00f3 cuenta con m\u00e1s de tres d\u00e9cadas de carrera como cantante, actriz, locutora y educadora. Ha sido reconocida con m\u00faltiples premios, como el Premio Paoli a la mejor producci\u00f3n de Bohemia y su inclusi\u00f3n en el Sal\u00f3n de la Fama de la M\u00fasica de Puerto Rico. Adem\u00e1s, ha realizado presentaciones en prestigiosos escenarios de Puerto Rico y del extranjero. Algunas de sus producciones m\u00e1s destacadas son <i>Grandes de la Bohemia<\/i>, <i>De Amor &amp; Despecho<\/i> y <i>Palabras y Silencios<\/i>.<\/font><\/p>\n<p align=\"justify\"><font size=\"3\">El bolero es un g\u00e9nero musical que ocupa un lugar especial en la identidad puertorrique\u00f1a, caracterizado por su lirismo y elegancia. A lo largo de la historia, ha servido como un veh\u00edculo para la expresi\u00f3n de emociones profundas y ha sido interpretado por algunos de los artistas m\u00e1s queridos de Puerto Rico, consolid\u00e1ndose como un s\u00edmbolo de nuestra tradici\u00f3n cultural.<\/font><\/p>\n","protected":false},"excerpt":{"rendered":"<p>Este concierto gratuito celebrar\u00e1 el legado femenino en el bolero puertorrique\u00f1o El Instituto de Cultura Puertorrique\u00f1a (ICP) anunci\u00f3 que llevar\u00e1 a cabo una bohemia con Jacqueline Cap\u00f3 este domingo, 8 de junio, a las 4:00 p.m. en el Teatro Braulio&hellip;<\/p>\n<p class=\"more-link-p\"><a class=\"more-link\" href=\"https:\/\/bobvarela.com\/?p=169072\">Read more &rarr;<\/a><\/p>\n","protected":false},"author":1,"featured_media":0,"comment_status":"open","ping_status":"open","sticky":false,"template":"","format":"standard","meta":{"ngg_post_thumbnail":0,"footnotes":""},"categories":[3,127],"tags":[],"class_list":["post-169072","post","type-post","status-publish","format-standard","hentry","category-actividades","category-musica"],"_links":{"self":[{"href":"https:\/\/bobvarela.com\/index.php?rest_route=\/wp\/v2\/posts\/169072","targetHints":{"allow":["GET"]}}],"collection":[{"href":"https:\/\/bobvarela.com\/index.php?rest_route=\/wp\/v2\/posts"}],"about":[{"href":"https:\/\/bobvarela.com\/index.php?rest_route=\/wp\/v2\/types\/post"}],"author":[{"embeddable":true,"href":"https:\/\/bobvarela.com\/index.php?rest_route=\/wp\/v2\/users\/1"}],"replies":[{"embeddable":true,"href":"https:\/\/bobvarela.com\/index.php?rest_route=%2Fwp%2Fv2%2Fcomments&post=169072"}],"version-history":[{"count":1,"href":"https:\/\/bobvarela.com\/index.php?rest_route=\/wp\/v2\/posts\/169072\/revisions"}],"predecessor-version":[{"id":169073,"href":"https:\/\/bobvarela.com\/index.php?rest_route=\/wp\/v2\/posts\/169072\/revisions\/169073"}],"wp:attachment":[{"href":"https:\/\/bobvarela.com\/index.php?rest_route=%2Fwp%2Fv2%2Fmedia&parent=169072"}],"wp:term":[{"taxonomy":"category","embeddable":true,"href":"https:\/\/bobvarela.com\/index.php?rest_route=%2Fwp%2Fv2%2Fcategories&post=169072"},{"taxonomy":"post_tag","embeddable":true,"href":"https:\/\/bobvarela.com\/index.php?rest_route=%2Fwp%2Fv2%2Ftags&post=169072"}],"curies":[{"name":"wp","href":"https:\/\/api.w.org\/{rel}","templated":true}]}}