{"id":169572,"date":"2025-06-23T11:39:01","date_gmt":"2025-06-23T15:39:01","guid":{"rendered":"https:\/\/bobvarela.com\/?p=169572"},"modified":"2025-06-23T11:39:01","modified_gmt":"2025-06-23T15:39:01","slug":"la-mode-by-realengo-noche-urbana-en-la-30-edicion-de-san-juan-moda","status":"publish","type":"post","link":"https:\/\/bobvarela.com\/?p=169572","title":{"rendered":"LA MODE BY REALENGO  NOCHE URBANA EN LA 30 EDICION DE  SAN JUAN MODA"},"content":{"rendered":"<p align=\"justify\"><font size=\"3\">El 20 de junio se celebro LA MODE BY REALENGO en el Hotel Fairmont Hotel San Juan.&nbsp;&nbsp; Este proyecto naci\u00f3 de \u2018La Mode\u2019 el&nbsp; programa de YouTube de REALENGO&nbsp; donde entrevistaron a dise\u00f1adores puertorrique\u00f1os y exploraron el mundo de la moda local. Con el tiempo, lo que comenz\u00f3 como una plataforma digital para destacar el talento ha evolucionado hasta convertirse en pasarelas dentro de San Juan Moda, llevando el estilo y la creatividad de nuestros dise\u00f1adores a un nuevo nivel&nbsp; creando un espacio para que el talento emergente&nbsp; pueda brillar.<\/font><\/p>\n<p align=\"justify\"><font size=\"3\"><strong>MARCA: What are we Colecci\u00f3n: Heritage<\/strong> <\/font><\/p>\n<p align=\"justify\"><font size=\"3\">\u201cHeritage\u201d celebra los recuerdos que nos formaron: la tradici\u00f3n, la cultura y los momentos compartidos con nuestros abuelos. Es un show de nostalgia y ra\u00edces, donde cada pieza honra lo que fuimos, lo que somos y lo que llevamos con orgullo. Es volver a sentarse en la mesa de nuestros abuelos, a oler el caf\u00e9 de la ma\u00f1ana, a escuchar los cuentos que formaron nuestra identidad antes de que siquiera entendi\u00e9ramos su valor. Esta colecci\u00f3n celebra esos recuerdos que nos moldearon: la tradici\u00f3n oral, los gestos sencillos, la cultura compartida en familia.<\/font><\/p>\n<p align=\"justify\"><strong>ngg_shortcode_0_placeholder<\/strong><\/p>\n<p align=\"justify\"><font size=\"3\"><strong>MARCA: PRIVATE ARCHIVES COLECCI\u00d3N : \u201cPONK\u201d<\/strong> <\/font><\/p>\n<p align=\"justify\"><font size=\"3\">Hace referencia a como nos expresamos con el \u201cspanglish\u201d encapsula todo lo que conocemos de forma individual, al igual que de manera com\u00fan. Creando una nueva perspectiva de lo que podemos interpretar, compartir y disfrutar en conjunto. No solo como un p\u00fablico, sino como gente con estilo].<\/font><\/p>\n<p align=\"justify\"><strong>ngg_shortcode_1_placeholder<\/strong><\/p>\n<p align=\"justify\"><font size=\"3\"><strong>MARCA: VENTURA T\u00edtulo: Back 2 Life<\/strong> <\/font><\/p>\n<p align=\"justify\"><font size=\"3\">Es una celebraci\u00f3n de la transformaci\u00f3n, un homenaje a todo lo que alguna vez fue y hoy vuelve con m\u00e1s fuerza, estilo y prop\u00f3sito. Esta colecci\u00f3n all denim nace del deseo de rescatar lo olvidado y convertirlo en arte porque en Ventura creemos que la belleza no muere, solo cambia de forma. Cada pieza est\u00e1 hecha a partir de materiales reutilizados, llev\u00e1ndolos de vuelta a la vida a trav\u00e9s del dise\u00f1o, la cultura y la diversidad. Esta colecci\u00f3n no solo viste, cuenta historias: de calles, ra\u00edces, colores, memorias y rebeld\u00edas. Es un recordatorio de que lo viejo puede ser nuevo otra vez, y que lo aut\u00e9ntico siempre tiene lugar en la moda. Back to Life no es solo moda reciclada. Es identidad reconstruida.<\/font><\/p>\n<p align=\"justify\"><strong>ngg_shortcode_2_placeholder<\/strong><\/p>\n<p align=\"justify\"><font size=\"3\"><strong>MARCA: ANTI HERO STUDIO Mensaje: \u201cVIGILANTES<\/strong>\u201d <\/font><\/p>\n<p align=\"justify\"><font size=\"3\">Vigilantes es inspirado en una pelicula puertorrique\u00f1a llamada \u201cLa Guagua A\u00e9rea\u201d. En donde se busca presentar la tem\u00e1tica de un grupo de Anti Heroes viajando desde PR a NYC &amp; de NYC a PR. Se busca presentar como cada creativo tiene un proposito y va tras el todos los dias, no importando los obstaculos o retos que se le presenten. Vigilantes busca darle el sentimiento puro de uni\u00f3n a su publico contando la historia que nada se logra solo &amp; que unidos somos mas fuertes &amp; que no importa donde estes, c\u00f3mo boricuas unidos, SOMOS MAS &amp; NOS MERECEMOS MAS.<\/font><\/p>\n<p align=\"justify\"><strong>ngg_shortcode_3_placeholder<\/strong><\/p>\n<p align=\"justify\">\n","protected":false},"excerpt":{"rendered":"<p>El 20 de junio se celebro LA MODE BY REALENGO en el Hotel Fairmont Hotel San Juan.&nbsp;&nbsp; Este proyecto naci\u00f3 de \u2018La Mode\u2019 el&nbsp; programa de YouTube de REALENGO&nbsp; donde entrevistaron a dise\u00f1adores puertorrique\u00f1os y exploraron el mundo de la&hellip;<\/p>\n<p class=\"more-link-p\"><a class=\"more-link\" href=\"https:\/\/bobvarela.com\/?p=169572\">Read more &rarr;<\/a><\/p>\n","protected":false},"author":1,"featured_media":0,"comment_status":"open","ping_status":"open","sticky":false,"template":"","format":"standard","meta":{"ngg_post_thumbnail":0,"footnotes":""},"categories":[4,295],"tags":[],"class_list":["post-169572","post","type-post","status-publish","format-standard","hentry","category-moda","category-puerto-rico"],"_links":{"self":[{"href":"https:\/\/bobvarela.com\/index.php?rest_route=\/wp\/v2\/posts\/169572","targetHints":{"allow":["GET"]}}],"collection":[{"href":"https:\/\/bobvarela.com\/index.php?rest_route=\/wp\/v2\/posts"}],"about":[{"href":"https:\/\/bobvarela.com\/index.php?rest_route=\/wp\/v2\/types\/post"}],"author":[{"embeddable":true,"href":"https:\/\/bobvarela.com\/index.php?rest_route=\/wp\/v2\/users\/1"}],"replies":[{"embeddable":true,"href":"https:\/\/bobvarela.com\/index.php?rest_route=%2Fwp%2Fv2%2Fcomments&post=169572"}],"version-history":[{"count":1,"href":"https:\/\/bobvarela.com\/index.php?rest_route=\/wp\/v2\/posts\/169572\/revisions"}],"predecessor-version":[{"id":169573,"href":"https:\/\/bobvarela.com\/index.php?rest_route=\/wp\/v2\/posts\/169572\/revisions\/169573"}],"wp:attachment":[{"href":"https:\/\/bobvarela.com\/index.php?rest_route=%2Fwp%2Fv2%2Fmedia&parent=169572"}],"wp:term":[{"taxonomy":"category","embeddable":true,"href":"https:\/\/bobvarela.com\/index.php?rest_route=%2Fwp%2Fv2%2Fcategories&post=169572"},{"taxonomy":"post_tag","embeddable":true,"href":"https:\/\/bobvarela.com\/index.php?rest_route=%2Fwp%2Fv2%2Ftags&post=169572"}],"curies":[{"name":"wp","href":"https:\/\/api.w.org\/{rel}","templated":true}]}}