{"id":169656,"date":"2025-06-25T09:57:11","date_gmt":"2025-06-25T13:57:11","guid":{"rendered":"https:\/\/bobvarela.com\/?p=169656"},"modified":"2025-06-25T09:57:11","modified_gmt":"2025-06-25T13:57:11","slug":"wilberto-prez-otoo-inverno-2025","status":"publish","type":"post","link":"https:\/\/bobvarela.com\/?p=169656","title":{"rendered":"Wilberto P&eacute;rez Oto&ntilde;o \/ Inverno 2025"},"content":{"rendered":"<p align=\"justify\"><font size=\"3\">El 18 de junio Wilberto P\u00e9rez presento su colecci\u00f3n Oto\u00f1o \/ Inverno 2025 titulado Madre como parte de las actividades de San Juan Moda<\/font><\/p>\n<p align=\"justify\"><font size=\"3\">MADRE es una colecci\u00f3n que celebra la profunda conexi\u00f3n con la madre naturaleza y<br \/>\nhonra el sacrificio de mis padres. Inspirada en los tonos c\u00e1lidos y las texturas del caf\u00e9, esta<br \/>\nobra rinde homenaje a mis ra\u00edces familiares y al sustento que el caf\u00e9, trabajado en Adjuntas,<br \/>\nPuerto Rico, ha brindado a mi hogar. Es un tributo de gratitud a la dedicaci\u00f3n, la familia y<br \/>\nla madre tierra, que nos da vida.<\/font><\/p>\n<p align=\"justify\"><font size=\"3\"><br \/>\nEsta nueva colecci\u00f3n presenta una cuidada selecci\u00f3n de tejidos, entre los que destacan<br \/>\nlujosos mikados, brocados, lentejuelas, twills, lamm\u00e9, gasas, flecos pintados a mano y seda.<br \/>\nLa paleta crom\u00e1tica evoca la transformaci\u00f3n de una taza de caf\u00e9 negro a la que se le a\u00f1ade<br \/>\nleche gradualmente, creando un degradado que va desde los tonos marrones m\u00e1s profundos<br \/>\nhasta un suave color crema. Esta armon\u00eda de colores se complementa con acentos en<br \/>\nnaranja, verde y amarillo, junto con sutiles toques de rojo, reflejando la transici\u00f3n natural<br \/>\ndel grano de caf\u00e9 a medida que madura: del verde al amarillo, luego al naranja y finalmenteal rojo. En adicion se realiz\u00f3 una colaboraci\u00f3n con la dise\u00f1adora de accesorio, Jolibeth<br \/>\nS\u00e1nches de Honduras. En donde se realiz\u00f3 unos aretes en oro y piedras semipresiosa de<br \/>\ncolor rojas en representaci\u00f3n del Caf\u00e9 puertorrique\u00f1o.<\/font><\/p>\n<p align=\"justify\"><strong>ngg_shortcode_0_placeholder<\/strong><\/p>\n","protected":false},"excerpt":{"rendered":"<p>El 18 de junio Wilberto P\u00e9rez presento su colecci\u00f3n Oto\u00f1o \/ Inverno 2025 titulado Madre como parte de las actividades de San Juan Moda MADRE es una colecci\u00f3n que celebra la profunda conexi\u00f3n con la madre naturaleza y honra el&hellip;<\/p>\n<p class=\"more-link-p\"><a class=\"more-link\" href=\"https:\/\/bobvarela.com\/?p=169656\">Read more &rarr;<\/a><\/p>\n","protected":false},"author":1,"featured_media":0,"comment_status":"open","ping_status":"open","sticky":false,"template":"","format":"standard","meta":{"ngg_post_thumbnail":0,"footnotes":""},"categories":[4,295],"tags":[],"class_list":["post-169656","post","type-post","status-publish","format-standard","hentry","category-moda","category-puerto-rico"],"_links":{"self":[{"href":"https:\/\/bobvarela.com\/index.php?rest_route=\/wp\/v2\/posts\/169656","targetHints":{"allow":["GET"]}}],"collection":[{"href":"https:\/\/bobvarela.com\/index.php?rest_route=\/wp\/v2\/posts"}],"about":[{"href":"https:\/\/bobvarela.com\/index.php?rest_route=\/wp\/v2\/types\/post"}],"author":[{"embeddable":true,"href":"https:\/\/bobvarela.com\/index.php?rest_route=\/wp\/v2\/users\/1"}],"replies":[{"embeddable":true,"href":"https:\/\/bobvarela.com\/index.php?rest_route=%2Fwp%2Fv2%2Fcomments&post=169656"}],"version-history":[{"count":1,"href":"https:\/\/bobvarela.com\/index.php?rest_route=\/wp\/v2\/posts\/169656\/revisions"}],"predecessor-version":[{"id":169657,"href":"https:\/\/bobvarela.com\/index.php?rest_route=\/wp\/v2\/posts\/169656\/revisions\/169657"}],"wp:attachment":[{"href":"https:\/\/bobvarela.com\/index.php?rest_route=%2Fwp%2Fv2%2Fmedia&parent=169656"}],"wp:term":[{"taxonomy":"category","embeddable":true,"href":"https:\/\/bobvarela.com\/index.php?rest_route=%2Fwp%2Fv2%2Fcategories&post=169656"},{"taxonomy":"post_tag","embeddable":true,"href":"https:\/\/bobvarela.com\/index.php?rest_route=%2Fwp%2Fv2%2Ftags&post=169656"}],"curies":[{"name":"wp","href":"https:\/\/api.w.org\/{rel}","templated":true}]}}