{"id":169954,"date":"2025-07-09T06:11:05","date_gmt":"2025-07-09T10:11:05","guid":{"rendered":"https:\/\/bobvarela.com\/?p=169954"},"modified":"2025-07-09T06:11:05","modified_gmt":"2025-07-09T10:11:05","slug":"alta-costura-otoo-invierno-2025-26-de-imane-ayissi","status":"publish","type":"post","link":"https:\/\/bobvarela.com\/?p=169954","title":{"rendered":"Alta Costura Oto&ntilde;o-Invierno 2025-26 de Imane Ayissi"},"content":{"rendered":"<p align=\"justify\"><font size=\"3\">Imane Ayissi regres\u00f3 a la Semana de la Alta Costura de Par\u00eds el 7 de julio de 2025, con una colecci\u00f3n de alta costura Oto\u00f1o\/Invierno 2025-2026 po\u00e9tica y profundamente meditada titulada &#8220;Ikorrok&#8221;, que significa &#8220;barbecho&#8221; en ewondo, un idioma que se habla en el Camer\u00fan natal del dise\u00f1ador. Esta temporada, Ayissi explor\u00f3 el tema de la renovaci\u00f3n de la naturaleza y el poder c\u00edclico a trav\u00e9s de una vitrina vibrante y t\u00e1ctil que fusion\u00f3 a la perfecci\u00f3n la herencia africana, la artesan\u00eda y la alta costura contempor\u00e1nea.<\/font><\/p>\n<p align=\"justify\"><ins><font size=\"3\"><\/font><\/ins><\/p>\n<p align=\"justify\"><font size=\"3\">La colecci\u00f3n fue una oda visual a la transformaci\u00f3n org\u00e1nica y la sostenibilidad. Utilizando una variedad de materiales biodegradables, incluidos algodones te\u00f1idos a mano, sedas, fieltro de lana y su caracter\u00edstica rafia, Ayissi propuso un lujo que es profundamente respetuoso con la tierra. Estos materiales serv\u00edan no solo como textiles, sino como herramientas narrativas, simbolizando la capacidad de la naturaleza para regenerarse incluso despu\u00e9s de per\u00edodos de descanso y quietud.<\/font><\/p>\n<p align=\"justify\"><font size=\"3\">En cuanto a la silueta, Ayissi mantuvo una mano afilada y entallada. Las formas cl\u00e1sicas se reinterpretaron con drapeados audaces, cortes precisos y tratamientos superficiales din\u00e1micos. Un look destacado fue una chaqueta de fieltro de lana con bordes crudos en fucsia vivo, cuya estructura se suaviz\u00f3 con el delicado aplique floral de porcelana elaborado por la escultora francesa Aline Putot-Toupry. Este juego de crudeza y refinamiento se extendi\u00f3 a lo largo de toda la colecci\u00f3n, subrayando el continuo inter\u00e9s de Ayissi en elevar materiales tradicionalmente &#8220;humildes&#8221; a objetos de gracia y prestigio.<\/font><\/p>\n<p align=\"justify\"><font size=\"3\">El movimiento era otro elemento esencial. Rayas verticales de cuentas en paletas multicolores recorr\u00edan la longitud de los vestidos, evocando el parpadeo de los enjambres de insectos o el brillo del roc\u00edo. Un look particularmente llamativo, un mono tie-dye ce\u00f1ido a la cintura, se realz\u00f3 con intrincados abalorios de flecos, que recordaban a las telara\u00f1as temblorosas al amanecer. En otros lugares, los botones brillantes en forma de bicho agregaron un encanto inesperado a las piezas de sastrer\u00eda, reforzando la narrativa de la naturaleza tejida en cada hilo.<\/font><\/p>\n<p align=\"justify\"><font size=\"3\">Imane Ayissi regres\u00f3 a la Semana de la Alta Costura de Par\u00eds el 7 de julio de 2025, con una colecci\u00f3n de alta costura Oto\u00f1o\/Invierno 2025-2026 po\u00e9tica y profundamente meditada titulada &#8220;Ikorrok&#8221;, que significa &#8220;barbecho&#8221; en ewondo, un idioma que se habla en el Camer\u00fan natal del dise\u00f1ador. Esta temporada, Ayissi explor\u00f3 el tema de la renovaci\u00f3n de la naturaleza y el poder c\u00edclico a trav\u00e9s de una vitrina vibrante y t\u00e1ctil que fusion\u00f3 a la perfecci\u00f3n la herencia africana, la artesan\u00eda y la alta costura contempor\u00e1nea.<\/font><\/p>\n<p align=\"justify\"><ins><\/ins><font size=\"3\">La colecci\u00f3n fue una oda visual a la transformaci\u00f3n org\u00e1nica y la sostenibilidad. Utilizando una variedad de materiales biodegradables, incluidos algodones te\u00f1idos a mano, sedas, fieltro de lana y su caracter\u00edstica rafia, Ayissi propuso un lujo que es profundamente respetuoso con la tierra. Estos materiales serv\u00edan no solo como textiles, sino como herramientas narrativas, simbolizando la capacidad de la naturaleza para regenerarse incluso despu\u00e9s de per\u00edodos de descanso y quietud.<\/font><\/p>\n<p align=\"justify\"><font size=\"3\">En cuanto a la silueta, Ayissi mantuvo una mano afilada y entallada. Las formas cl\u00e1sicas se reinterpretaron con drapeados audaces, cortes precisos y tratamientos superficiales din\u00e1micos. Un look destacado fue una chaqueta de fieltro de lana con bordes crudos en fucsia vivo, cuya estructura se suaviz\u00f3 con el delicado aplique floral de porcelana elaborado por la escultora francesa Aline Putot-Toupry. Este juego de crudeza y refinamiento se extendi\u00f3 a lo largo de toda la colecci\u00f3n, subrayando el continuo inter\u00e9s de Ayissi en elevar materiales tradicionalmente &#8220;humildes&#8221; a objetos de gracia y prestigio.<\/font><\/p>\n<p align=\"justify\"><font size=\"3\">El movimiento era otro elemento esencial. Rayas verticales de cuentas en paletas multicolores recorr\u00edan la longitud de los vestidos, evocando el parpadeo de los enjambres de insectos o el brillo del roc\u00edo. Un look particularmente llamativo, un mono tie-dye ce\u00f1ido a la cintura, se realz\u00f3 con intrincados abalorios de flecos, que recordaban a las telara\u00f1as temblorosas al amanecer. En otros lugares, los botones brillantes en forma de bicho agregaron un encanto inesperado a las piezas de sastrer\u00eda, reforzando la narrativa de la naturaleza tejida en cada hilo.<\/font><\/p>\n<p><strong><font size=\"3\">ngg_shortcode_0_placeholder<\/font><\/strong><\/p>\n","protected":false},"excerpt":{"rendered":"<p>Imane Ayissi regres\u00f3 a la Semana de la Alta Costura de Par\u00eds el 7 de julio de 2025, con una colecci\u00f3n de alta costura Oto\u00f1o\/Invierno 2025-2026 po\u00e9tica y profundamente meditada titulada &#8220;Ikorrok&#8221;, que significa &#8220;barbecho&#8221; en ewondo, un idioma que&hellip;<\/p>\n<p class=\"more-link-p\"><a class=\"more-link\" href=\"https:\/\/bobvarela.com\/?p=169954\">Read more &rarr;<\/a><\/p>\n","protected":false},"author":1,"featured_media":0,"comment_status":"open","ping_status":"open","sticky":false,"template":"","format":"standard","meta":{"ngg_post_thumbnail":0,"footnotes":""},"categories":[4,523],"tags":[],"class_list":["post-169954","post","type-post","status-publish","format-standard","hentry","category-moda","category-paris"],"_links":{"self":[{"href":"https:\/\/bobvarela.com\/index.php?rest_route=\/wp\/v2\/posts\/169954","targetHints":{"allow":["GET"]}}],"collection":[{"href":"https:\/\/bobvarela.com\/index.php?rest_route=\/wp\/v2\/posts"}],"about":[{"href":"https:\/\/bobvarela.com\/index.php?rest_route=\/wp\/v2\/types\/post"}],"author":[{"embeddable":true,"href":"https:\/\/bobvarela.com\/index.php?rest_route=\/wp\/v2\/users\/1"}],"replies":[{"embeddable":true,"href":"https:\/\/bobvarela.com\/index.php?rest_route=%2Fwp%2Fv2%2Fcomments&post=169954"}],"version-history":[{"count":1,"href":"https:\/\/bobvarela.com\/index.php?rest_route=\/wp\/v2\/posts\/169954\/revisions"}],"predecessor-version":[{"id":169955,"href":"https:\/\/bobvarela.com\/index.php?rest_route=\/wp\/v2\/posts\/169954\/revisions\/169955"}],"wp:attachment":[{"href":"https:\/\/bobvarela.com\/index.php?rest_route=%2Fwp%2Fv2%2Fmedia&parent=169954"}],"wp:term":[{"taxonomy":"category","embeddable":true,"href":"https:\/\/bobvarela.com\/index.php?rest_route=%2Fwp%2Fv2%2Fcategories&post=169954"},{"taxonomy":"post_tag","embeddable":true,"href":"https:\/\/bobvarela.com\/index.php?rest_route=%2Fwp%2Fv2%2Ftags&post=169954"}],"curies":[{"name":"wp","href":"https:\/\/api.w.org\/{rel}","templated":true}]}}