{"id":170039,"date":"2025-07-10T09:46:34","date_gmt":"2025-07-10T13:46:34","guid":{"rendered":"https:\/\/bobvarela.com\/?p=170039"},"modified":"2025-07-10T09:46:34","modified_gmt":"2025-07-10T13:46:34","slug":"ronald-van-der-kemp-otoo-invierno-2025-26-alta-costura","status":"publish","type":"post","link":"https:\/\/bobvarela.com\/?p=170039","title":{"rendered":"Ronald Van der Kemp Oto&ntilde;o Invierno 2025-26 Alta Costura"},"content":{"rendered":"<p align=\"justify\"><font size=\"3\">Ronald van der Kemp present\u00f3 su colecci\u00f3n de Alta Costura Oto\u00f1o-Invierno 2025-2026, acertadamente titulada &#8220;Call of the Wild&#8221;, durante la Semana de la Alta Costura de Par\u00eds. En un mundo que se enfrenta a numerosos desaf\u00edos, la colecci\u00f3n surgi\u00f3 como un sincero homenaje a la naturaleza, inspir\u00e1ndose especialmente en la selva amaz\u00f3nica. Esta temporada tambi\u00e9n marc\u00f3 una notable colaboraci\u00f3n con la musa de larga data y artista brasile\u00f1a Thayna Cai\u00e7ara en varios looks iniciales. Un aspecto significativo de esta colecci\u00f3n fue su compromiso con la sostenibilidad. Muchas piezas fueron meticulosamente hechas a mano por un colectivo de artesanos ind\u00edgenas en Brasil, utilizando \u00fanicamente material muerto o reciclado. Este enfoque subray\u00f3 el esp\u00edritu pionero de RVDK en la promoci\u00f3n de la moda respetuosa con el medio ambiente. La colecci\u00f3n se abri\u00f3 con dise\u00f1os que jugaban magistralmente con la percepci\u00f3n. Los vestidos que inicialmente parec\u00edan ser hojas de palma naturales eran, de hecho, tela plisada &#8220;reinventada&#8221;, ingeniosamente superpuesta con pintura, uni\u00f3n, bordados y abalorios para crear un llamativo efecto de trampantojo.<\/font><\/p>\n<p align=\"justify\"><ins><font size=\"3\"><\/font><\/ins><\/p>\n<p align=\"justify\"><font size=\"3\">La gama de looks mostr\u00f3 un fascinante juego de texturas y siluetas. Los dise\u00f1os variaron desde mezclas de texturas ricas y salvajes hasta formas que recuerdan la elegancia zorra de la d\u00e9cada de 1940, caracterizadas por hombros estructurados y sofisticados detalles peplum. Las combinaciones de tejidos eran atrevidas y ecl\u00e9cticas, con lunares junto a rayas y pata de gallo, y brocados yuxtapuestos con cuero y encaje. Otras prendas estaban adornadas con p\u00e1jaros escult\u00f3ricos y alas de insectos, creando la ilusi\u00f3n de un vuelo inminente. Sin embargo, a pesar de estos elementos fant\u00e1sticos, la colecci\u00f3n mantuvo su sofisticada identidad de alta costura, sin desviarse nunca hacia el \u00e1mbito del vestuario. Un abrigo vibrante, por ejemplo, fue ingeniosamente elaborado a partir de retazos de tela enviados al atelier de \u00c1msterdam en lo que eran esencialmente &#8220;bolsas de basura&#8221; de un amigo en Londres. Otra pieza innovadora, una chaqueta urbana hecha de tecno-tafet\u00e1n, presentaba capas de bolsillos tipo bolsa que inesperadamente formaban un peplum moderno.<\/font><\/p>\n<p align=\"justify\"><font size=\"3\">M\u00e1s all\u00e1 de su arte visual, la colecci\u00f3n de van der Kemp transmiti\u00f3 un profundo mensaje sobre la responsabilidad de la moda con el planeta. Todo su esp\u00edritu de upcycling se basa en el principio de trabajar exclusivamente con materiales existentes, abogando por un cambio sist\u00e9mico dentro de la industria. Defiende la idea de que la transformaci\u00f3n debe venir desde dentro y anima a los dise\u00f1adores emergentes a adoptar pr\u00e1cticas sostenibles. Van der Kemp expres\u00f3 su esperanza de que su modelo de negocio \u00fanico demuestre la viabilidad de que la moda prospere fuera del sistema convencional, intensivo en recursos y extractivo. Despu\u00e9s de una d\u00e9cada, su negocio de alta costura es un testimonio de esta posibilidad, demostrando que un enfoque sostenible no solo puede existir, sino tambi\u00e9n florecer. La colecci\u00f3n &#8220;waste-not, want-not&#8221; mostr\u00f3 una notable precisi\u00f3n en cada pieza. A trav\u00e9s de esta colecci\u00f3n, van der Kemp nos record\u00f3 poderosamente que hay &#8220;Amazonas&#8221; m\u00e1s all\u00e1 del \u00e1mbito digital que merecen igualmente nuestra atenci\u00f3n y cuidado. Sus dise\u00f1os subrayaron bellamente la creencia de que la belleza puede ser un poderoso veh\u00edculo para llegar e inspirar a las personas.<\/font><\/p>\n<p align=\"justify\"><strong><font size=\"3\">ngg_shortcode_0_placeholder<\/font><\/strong><\/p>\n<p align=\"justify\"><font size=\"3\"><\/font><\/p>\n","protected":false},"excerpt":{"rendered":"<p>Ronald van der Kemp present\u00f3 su colecci\u00f3n de Alta Costura Oto\u00f1o-Invierno 2025-2026, acertadamente titulada &#8220;Call of the Wild&#8221;, durante la Semana de la Alta Costura de Par\u00eds. En un mundo que se enfrenta a numerosos desaf\u00edos, la colecci\u00f3n surgi\u00f3 como&hellip;<\/p>\n<p class=\"more-link-p\"><a class=\"more-link\" href=\"https:\/\/bobvarela.com\/?p=170039\">Read more &rarr;<\/a><\/p>\n","protected":false},"author":1,"featured_media":0,"comment_status":"open","ping_status":"open","sticky":false,"template":"","format":"standard","meta":{"ngg_post_thumbnail":0,"footnotes":""},"categories":[4,523],"tags":[],"class_list":["post-170039","post","type-post","status-publish","format-standard","hentry","category-moda","category-paris"],"_links":{"self":[{"href":"https:\/\/bobvarela.com\/index.php?rest_route=\/wp\/v2\/posts\/170039","targetHints":{"allow":["GET"]}}],"collection":[{"href":"https:\/\/bobvarela.com\/index.php?rest_route=\/wp\/v2\/posts"}],"about":[{"href":"https:\/\/bobvarela.com\/index.php?rest_route=\/wp\/v2\/types\/post"}],"author":[{"embeddable":true,"href":"https:\/\/bobvarela.com\/index.php?rest_route=\/wp\/v2\/users\/1"}],"replies":[{"embeddable":true,"href":"https:\/\/bobvarela.com\/index.php?rest_route=%2Fwp%2Fv2%2Fcomments&post=170039"}],"version-history":[{"count":1,"href":"https:\/\/bobvarela.com\/index.php?rest_route=\/wp\/v2\/posts\/170039\/revisions"}],"predecessor-version":[{"id":170040,"href":"https:\/\/bobvarela.com\/index.php?rest_route=\/wp\/v2\/posts\/170039\/revisions\/170040"}],"wp:attachment":[{"href":"https:\/\/bobvarela.com\/index.php?rest_route=%2Fwp%2Fv2%2Fmedia&parent=170039"}],"wp:term":[{"taxonomy":"category","embeddable":true,"href":"https:\/\/bobvarela.com\/index.php?rest_route=%2Fwp%2Fv2%2Fcategories&post=170039"},{"taxonomy":"post_tag","embeddable":true,"href":"https:\/\/bobvarela.com\/index.php?rest_route=%2Fwp%2Fv2%2Ftags&post=170039"}],"curies":[{"name":"wp","href":"https:\/\/api.w.org\/{rel}","templated":true}]}}