{"id":170150,"date":"2025-07-14T09:27:15","date_gmt":"2025-07-14T13:27:15","guid":{"rendered":"https:\/\/bobvarela.com\/?p=170150"},"modified":"2025-07-14T09:27:15","modified_gmt":"2025-07-14T13:27:15","slug":"tony-ward-otoo-invierno-2025-26-alta-costura","status":"publish","type":"post","link":"https:\/\/bobvarela.com\/?p=170150","title":{"rendered":"Tony Ward Oto&ntilde;o Invierno 2025-26 Alta Costura"},"content":{"rendered":"<p align=\"justify\"><font size=\"3\">El 8 de julio de 2025, Tony Ward Couture present\u00f3 su colecci\u00f3n de Alta Costura Oto\u00f1o-Invierno 2025\/26, &#8220;Entre R\u00eave et Regard&#8221;, en la Semana de la Alta Costura de Par\u00eds. Esta colecci\u00f3n marc\u00f3 una incursi\u00f3n deliberada en un espacio creativo donde la moda se fusiona a la perfecci\u00f3n con lo teatral y lo performativo, explorando temas de identidad y transformaci\u00f3n.<\/font><\/p>\n<p align=\"justify\"><font size=\"3\">Inspir\u00e1ndose en los opulentos mundos de la mascarada y la \u00e9poca barroca, la colecci\u00f3n reimagin\u00f3 la grandeza hist\u00f3rica a trav\u00e9s de una lente claramente contempor\u00e1nea. Los dise\u00f1os de Tony Ward no buscaban evocar nostalgia, sino m\u00e1s bien abogar por la reinvenci\u00f3n, mostrando una evoluci\u00f3n audaz en la artesan\u00eda de la alta costura.<\/p>\n<p align=\"justify\"><ins><\/ins><\/p>\n<p align=\"justify\"><font size=\"3\"><\/font><\/p>\n<p><\/font><font size=\"3\">Las siluetas de la temporada estaban muy definidas, esculpidas para abrazar el cuerpo con una precisi\u00f3n casi de armadura. Los ricos bordados barrocos, los intrincados recortes de terciopelo devor\u00e9 y los apliques 3D meticulosamente hechos a mano fueron fundamentales para esta est\u00e9tica. El \u00e9nfasis estaba en la creaci\u00f3n de formas m\u00e1s fuertes y dominantes, donde las volutas de bordados y elementos escult\u00f3ricos contribu\u00edan a una sensaci\u00f3n de drama inherente en lugar de una mera decoraci\u00f3n de superficie. La corseter\u00eda se emple\u00f3 estrat\u00e9gicamente para proporcionar soporte a formas fluidas pero provocativas. La colecci\u00f3n incorpor\u00f3 adem\u00e1s mangas voluminosas, capas met\u00e1licas din\u00e1micas y encaje transparente, todo combinado para formar conjuntos imponentes y teatrales.<\/p>\n<p align=\"justify\"><ins><\/ins><\/p>\n<p align=\"justify\"><font size=\"3\"><\/font><\/p>\n<p><\/font><font size=\"3\">M\u00e1s all\u00e1 de la simple creaci\u00f3n de prendas, la colecci\u00f3n presentaba cada look como un personaje distinto. Las piezas no buscaban el ocultamiento, sino la revelaci\u00f3n, invitando al portador a expresar sus realidades interiores. La m\u00e1scara tradicional, a menudo un s\u00edmbolo de identidad oculta, se reinterpret\u00f3 como una superficie reflectante, reflejando verdades personales. En esta narrativa, la vulnerabilidad no se presentaba como una debilidad, sino como una potente forma de autoexpresi\u00f3n.<\/font><\/p>\n<p align=\"justify\"><font size=\"3\">La paleta de colores se alej\u00f3 de la restricci\u00f3n convencional, introduciendo azules fr\u00edos vibrantes y rosas suaves energizados con nueva intensidad. Estos contrastaron sorprendentemente con \u00e1mbar audaz, carmes\u00ed profundo y tonos tierra terrosos, creando un poderoso impacto visual y emocional.<\/font><\/p>\n<p align=\"justify\"><font size=\"3\">Los dise\u00f1os de Ward suger\u00edan un mundo donde los sue\u00f1os y el drama se entrelazan, posicionando la moda como un poderoso medio comunicativo. El rendimiento fue un elemento central de esta narrativa, con cada detalle de dise\u00f1o contribuyendo a un di\u00e1logo visual m\u00e1s amplio, y cada aspecto concebido como una persona. Las prendas fueron elaboradas para ser visualmente impactantes y emocionalmente resonantes, con una yuxtaposici\u00f3n deliberada de materiales que realzan su efecto teatral.<\/p>\n<p align=\"justify\"><ins><\/ins><\/p>\n<p align=\"justify\"><font size=\"3\"><\/font><\/p>\n<p><\/font><font size=\"3\">La colecci\u00f3n Oto\u00f1o-Invierno 2025\/26 de Tony Ward Couture fue una convincente reinterpretaci\u00f3n del pasado en di\u00e1logo con el presente. Al enmarcar la moda como una forma de teatro y una profunda declaraci\u00f3n de identidad, Tony Ward invit\u00f3 al p\u00fablico a experimentar cada prenda como un gesto, una sinfon\u00eda, transformando el yo en un escenario para la expresi\u00f3n.<strong><font size=\"3\"><br \/><\/font><\/strong><\/font><\/p>\n<p><strong><font size=\"3\">ngg_shortcode_0_placeholder<\/font><\/strong><\/p>\n","protected":false},"excerpt":{"rendered":"<p>El 8 de julio de 2025, Tony Ward Couture present\u00f3 su colecci\u00f3n de Alta Costura Oto\u00f1o-Invierno 2025\/26, &#8220;Entre R\u00eave et Regard&#8221;, en la Semana de la Alta Costura de Par\u00eds. Esta colecci\u00f3n marc\u00f3 una incursi\u00f3n deliberada en un espacio creativo&hellip;<\/p>\n<p class=\"more-link-p\"><a class=\"more-link\" href=\"https:\/\/bobvarela.com\/?p=170150\">Read more &rarr;<\/a><\/p>\n","protected":false},"author":1,"featured_media":0,"comment_status":"open","ping_status":"open","sticky":false,"template":"","format":"standard","meta":{"ngg_post_thumbnail":0,"footnotes":""},"categories":[4,523],"tags":[],"class_list":["post-170150","post","type-post","status-publish","format-standard","hentry","category-moda","category-paris"],"_links":{"self":[{"href":"https:\/\/bobvarela.com\/index.php?rest_route=\/wp\/v2\/posts\/170150","targetHints":{"allow":["GET"]}}],"collection":[{"href":"https:\/\/bobvarela.com\/index.php?rest_route=\/wp\/v2\/posts"}],"about":[{"href":"https:\/\/bobvarela.com\/index.php?rest_route=\/wp\/v2\/types\/post"}],"author":[{"embeddable":true,"href":"https:\/\/bobvarela.com\/index.php?rest_route=\/wp\/v2\/users\/1"}],"replies":[{"embeddable":true,"href":"https:\/\/bobvarela.com\/index.php?rest_route=%2Fwp%2Fv2%2Fcomments&post=170150"}],"version-history":[{"count":1,"href":"https:\/\/bobvarela.com\/index.php?rest_route=\/wp\/v2\/posts\/170150\/revisions"}],"predecessor-version":[{"id":170151,"href":"https:\/\/bobvarela.com\/index.php?rest_route=\/wp\/v2\/posts\/170150\/revisions\/170151"}],"wp:attachment":[{"href":"https:\/\/bobvarela.com\/index.php?rest_route=%2Fwp%2Fv2%2Fmedia&parent=170150"}],"wp:term":[{"taxonomy":"category","embeddable":true,"href":"https:\/\/bobvarela.com\/index.php?rest_route=%2Fwp%2Fv2%2Fcategories&post=170150"},{"taxonomy":"post_tag","embeddable":true,"href":"https:\/\/bobvarela.com\/index.php?rest_route=%2Fwp%2Fv2%2Ftags&post=170150"}],"curies":[{"name":"wp","href":"https:\/\/api.w.org\/{rel}","templated":true}]}}