{"id":170333,"date":"2025-07-15T08:08:58","date_gmt":"2025-07-15T12:08:58","guid":{"rendered":"https:\/\/bobvarela.com\/?p=170333"},"modified":"2025-07-15T08:08:58","modified_gmt":"2025-07-15T12:08:58","slug":"viktor-rolf-otoo-invierno-2025-26-alta-costura","status":"publish","type":"post","link":"https:\/\/bobvarela.com\/?p=170333","title":{"rendered":"Viktor &amp; Rolf Oto&ntilde;o Invierno 2025-26 Alta Costura"},"content":{"rendered":"<p align=\"justify\"><font size=\"3\">La Semana de la Alta Costura de Par\u00eds fue testigo de un cautivador despliegue de Viktor &amp; Rolf cuando presentaron su colecci\u00f3n de Alta Costura Oto\u00f1o-Invierno 2025-2026 el 9 de julio de 2025. Conocidos por su audaz creatividad a lo largo de tres d\u00e9cadas, el d\u00fao de dise\u00f1adores volvi\u00f3 a superar los l\u00edmites de la moda, esta vez con una profunda exploraci\u00f3n de las plumas.<\/p>\n<p align=\"justify\"><font size=\"3\"><\/font><\/p>\n<p><\/font><font size=\"3\">La colecci\u00f3n, nacida de una imagen inicial, casi fortuita, de una pluma, profundiz\u00f3 en este motivo de alta costura perdurable. Sin embargo, al m\u00e1s puro estilo de Viktor &amp; Rolf, su interpretaci\u00f3n trascendi\u00f3 lo convencional. Aproximadamente 11.500 plumas meticulosamente elaboradas, no de origen natural, adornaban las prendas. Cada &#8220;pluma&#8221; fue cortada individualmente de tela de gasa y moldeada con notable precisi\u00f3n, creando un asombroso parecido con el plumaje real. Estos elementos delicados pero impactantes se derramaron de las costuras, formando rizos vibrantes que animaron mangas, cuellos, enaguas y faldas. Complementando estos dise\u00f1os hab\u00eda elaborados tocados de plumas concebidos por Stephen Jones, tambi\u00e9n elaborados con materiales no naturales como tul o l\u00e1minas de pol\u00edmero de colores.<\/font><\/p>\n<p align=\"justify\"><font size=\"3\">Un rasgo llamativo de la presentaci\u00f3n fue la dualidad de la colecci\u00f3n. Aproximadamente la mitad de los conjuntos comprend\u00edan estas siluetas escult\u00f3ricamente voluminosas y rellenas de plumas. Cada una de estas quince creaciones ten\u00eda un gemelo id\u00e9ntico, que reflejaba el corte y el material, pero completamente desprovisto del relleno. Este fascinante enfoque experimental, una revisi\u00f3n de un concepto explorado por primera vez por los dise\u00f1adores en 1998, permiti\u00f3 una comparaci\u00f3n directa de la forma y la ca\u00edda.<\/font><\/p>\n<p align=\"justify\"><font size=\"3\">Presentados uno al lado del otro en la pasarela, el contraste era profundo. Las voluminosas iteraciones, con sus coloridos rellenos, dieron vida a los sat\u00e9nes y las lentejuelas, reflejando la luz y transformando plumetis y motivos florales en caprichosos lunares. El volumen a\u00f1adido cre\u00f3 un espacio para que emergieran detalles intrincados con mayor prominencia. En marcado contraste, sus contrapartes &#8220;desinfladas&#8221;, principalmente en negro, enfatizaban la proporci\u00f3n y la forma sin adornos en que las telas drapeaban y se mov\u00edan sobre el cuerpo. Los dram\u00e1ticos abrigos de \u00f3pera se transformaron en vestidos austeros pero de gran tama\u00f1o en sus versiones sin relleno, mientras que las capas deformadas y akimboadas se convirtieron en n\u00fameros con hombros descubiertos bellamente asim\u00e9tricos. Los conjuntos coloridos, casi caprichosos, adquirieron una sensibilidad punk fresca cuando se despojaron de sus adornos voluminosos.<\/p>\n<p align=\"justify\"><font size=\"3\"><\/font><\/p>\n<p><\/font><font size=\"3\">La colecci\u00f3n invit\u00f3 a interpretaciones variadas, fomentando una sensaci\u00f3n de prueba de Rorschach en la moda. Mientras que algunos observaron un trasfondo g\u00f3tico, otros reflexionaron sobre el significado detr\u00e1s del t\u00edtulo de la colecci\u00f3n &#8220;Angry Birds&#8221;, cuestionando si hac\u00eda referencia al popular videojuego u ofrec\u00eda un comentario m\u00e1s amplio sobre el estado global actual. Independientemente de las percepciones individuales, Viktor y Rolf presentaron innegablemente un argumento convincente para abrazar la expresi\u00f3n audaz, de manera hermosa y sin reservas.<\/font><\/p>\n<p align=\"justify\"><strong><font size=\"3\">ngg_shortcode_0_placeholder<\/font><\/strong><\/p>\n","protected":false},"excerpt":{"rendered":"<p>La Semana de la Alta Costura de Par\u00eds fue testigo de un cautivador despliegue de Viktor &amp; Rolf cuando presentaron su colecci\u00f3n de Alta Costura Oto\u00f1o-Invierno 2025-2026 el 9 de julio de 2025. Conocidos por su audaz creatividad a lo&hellip;<\/p>\n<p class=\"more-link-p\"><a class=\"more-link\" href=\"https:\/\/bobvarela.com\/?p=170333\">Read more &rarr;<\/a><\/p>\n","protected":false},"author":1,"featured_media":0,"comment_status":"open","ping_status":"open","sticky":false,"template":"","format":"standard","meta":{"ngg_post_thumbnail":0,"footnotes":""},"categories":[4,523],"tags":[],"class_list":["post-170333","post","type-post","status-publish","format-standard","hentry","category-moda","category-paris"],"_links":{"self":[{"href":"https:\/\/bobvarela.com\/index.php?rest_route=\/wp\/v2\/posts\/170333","targetHints":{"allow":["GET"]}}],"collection":[{"href":"https:\/\/bobvarela.com\/index.php?rest_route=\/wp\/v2\/posts"}],"about":[{"href":"https:\/\/bobvarela.com\/index.php?rest_route=\/wp\/v2\/types\/post"}],"author":[{"embeddable":true,"href":"https:\/\/bobvarela.com\/index.php?rest_route=\/wp\/v2\/users\/1"}],"replies":[{"embeddable":true,"href":"https:\/\/bobvarela.com\/index.php?rest_route=%2Fwp%2Fv2%2Fcomments&post=170333"}],"version-history":[{"count":1,"href":"https:\/\/bobvarela.com\/index.php?rest_route=\/wp\/v2\/posts\/170333\/revisions"}],"predecessor-version":[{"id":170334,"href":"https:\/\/bobvarela.com\/index.php?rest_route=\/wp\/v2\/posts\/170333\/revisions\/170334"}],"wp:attachment":[{"href":"https:\/\/bobvarela.com\/index.php?rest_route=%2Fwp%2Fv2%2Fmedia&parent=170333"}],"wp:term":[{"taxonomy":"category","embeddable":true,"href":"https:\/\/bobvarela.com\/index.php?rest_route=%2Fwp%2Fv2%2Fcategories&post=170333"},{"taxonomy":"post_tag","embeddable":true,"href":"https:\/\/bobvarela.com\/index.php?rest_route=%2Fwp%2Fv2%2Ftags&post=170333"}],"curies":[{"name":"wp","href":"https:\/\/api.w.org\/{rel}","templated":true}]}}