{"id":170337,"date":"2025-07-15T08:11:49","date_gmt":"2025-07-15T12:11:49","guid":{"rendered":"https:\/\/bobvarela.com\/?p=170337"},"modified":"2025-07-15T08:11:49","modified_gmt":"2025-07-15T12:11:49","slug":"maison-margiela-otoo-invierno-2025-26-alta-costura","status":"publish","type":"post","link":"https:\/\/bobvarela.com\/?p=170337","title":{"rendered":"Maison Margiela Oto&ntilde;o Invierno 2025-26 Alta Costura"},"content":{"rendered":"<p align=\"justify\"><font size=\"3\">La Semana de la Alta Costura de Par\u00eds fue testigo de un debut muy esperado el 9 de julio de 2025, cuando Glenn Martens present\u00f3 su primera colecci\u00f3n &#8220;Artisanal 2025&#8221; para Maison Margiela. Entrando en la formidable sombra de su predecesor, John Galliano, Martens dio a conocer una colecci\u00f3n que inclin\u00f3 la casa parisina en una direcci\u00f3n oscura, atrevida y claramente DIY. Algunas prendas parec\u00edan desenterradas por el tiempo, con flores de papel tapiz antiguo que estaban descoloridas, sucias y agrietadas, estableciendo un tono nuevo y crudo para la marca.<\/font><\/p>\n<p><font size=\"3\"><\/p>\n<p align=\"justify\"><font size=\"3\"><\/font><\/p>\n<p><\/font><\/p>\n<p align=\"justify\"><font size=\"3\"><\/font><font size=\"3\">El desfile se llev\u00f3 a cabo en Le Centquatre, un vasto espacio cultural en el distrito 19, un lugar notable por albergar el \u00faltimo espect\u00e1culo de Martin Margiela en 2009. Martens aprovech\u00f3 las profundidades subterr\u00e1neas del lugar, con paredes enlucidas con elementos arquitect\u00f3nicos fotocopiados y pisos transformados en un tablero de ajedrez de papel mach\u00e9, sobre el que se esparcieron sillas de madera desparejadas. Este entorno atmosf\u00e9rico subraya un regreso deliberado al esp\u00edritu fundacional de la casa.<\/font><\/p>\n<p align=\"justify\"><font size=\"3\"><\/font><font size=\"3\"><\/font><font size=\"3\">La alta costura mixta de Martens destac\u00f3 durante la Semana de la Alta Costura de Par\u00eds por sus p\u00e1tinas desgastadas y el ingenioso uso de materiales poco convencionales. El pl\u00e1stico transparente se convirti\u00f3 en gabardinas, mientras que la pintura al \u00f3leo se aplic\u00f3 a los jeans de los hombres, congelando ingeniosamente un cintur\u00f3n suelto en un colgante permanente. Las notas de la colecci\u00f3n destacaron el uso extensivo de materiales reutilizados, incluidas telas de forro, chaquetas de cuero vintage y bisuter\u00eda desechada. Este \u00faltimo se uni\u00f3 ingeniosamente para formar un vestido recto, evocando una mezcla de elegancia de la era flapper y los tejidos de punto caracter\u00edsticos de Missoni, creando una est\u00e9tica verdaderamente \u00fanica. La dise\u00f1adora nacida en Brujas teji\u00f3 referencias a la arquitectura medieval y al ambiente de Flandes y los Pa\u00edses Bajos. Los estampados de flores y caza, inspirados en las pinturas de bodegones del siglo XVII, recibieron un efecto 3D contempor\u00e1neo al superponer tul ilusorio sobre detalles como las alas de los p\u00e1jaros cazados. Un vestido, confeccionado en sat\u00e9n duquesa de n\u00e1car, resonaba con las espeluznantes im\u00e1genes del \u00e1lbum de 1987 de Dead Can Dance &#8220;Within the Realm of a Dying Sun&#8221;, con la cabeza de la usuaria envuelta en una tela l\u00fagubre. Otras piezas presentaban drapeados a\u00fan m\u00e1s voluminosos en sat\u00e9n duquesa met\u00e1lico, logrando una calidad de otro mundo.<\/font><\/p>\n<p><font size=\"3\"><\/font><font size=\"3\"><\/font><font size=\"3\"><\/p>\n<p align=\"justify\"><font size=\"3\"><\/font><\/p>\n<p><\/font><\/p>\n<p align=\"justify\"><font size=\"3\"><\/font><font size=\"3\"><\/font><font size=\"3\"><\/font><font size=\"3\">Los cubrebocas, una invenci\u00f3n conceptual del fundador Martin Margiela, reaparecieron en el debut de Martens. Si bien hist\u00f3ricamente se usaban para dirigir la atenci\u00f3n a la ropa, aqu\u00ed a menudo distra\u00edan y, a veces, inquietaban, en particular las asfixiantes m\u00e1scaras de pl\u00e1stico que abr\u00edan el espect\u00e1culo y las fundas de metal en algunas cabezas. A pesar de esto, el esfuerzo inaugural de Martens honr\u00f3 h\u00e1bilmente el legado de Maison Margiela de moda provocativa y vanguardista. Sirvi\u00f3 como un audaz contrapunto a la tendencia predominante del &#8220;lujo silencioso&#8221;, inyectando una dosis refrescante de realidad sin pulir en el panorama de la alta costura. Si bien la est\u00e9tica poco convencional, a veces desordenada y espeluznante, puede requerir un per\u00edodo de adaptaci\u00f3n para algunos, esta colecci\u00f3n subray\u00f3 que el impacto de lo nuevo es un catalizador vital para la progresi\u00f3n de la moda. Adem\u00e1s, se anunci\u00f3 un desarrollo significativo para Maison Margiela: la colecci\u00f3n Artisanal, tradicionalmente un veh\u00edculo de imagen y un centro de investigaci\u00f3n y desarrollo, ahora estar\u00e1 disponible para la venta, con posibles clientes presentes en la feria. Este movimiento marca un nuevo cap\u00edtulo para la casa, ampliando la accesibilidad de sus creaciones m\u00e1s experimentales y art\u00edsticas.<\/font><\/p>\n<p align=\"justify\"><font size=\"3\"><\/font><font size=\"3\"><\/font><font size=\"3\"><\/font><font size=\"3\"><strong><font size=\"3\">ngg_shortcode_0_placeholder<\/font><\/strong><\/font><\/p>\n","protected":false},"excerpt":{"rendered":"<p>La Semana de la Alta Costura de Par\u00eds fue testigo de un debut muy esperado el 9 de julio de 2025, cuando Glenn Martens present\u00f3 su primera colecci\u00f3n &#8220;Artisanal 2025&#8221; para Maison Margiela. Entrando en la formidable sombra de su&hellip;<\/p>\n<p class=\"more-link-p\"><a class=\"more-link\" href=\"https:\/\/bobvarela.com\/?p=170337\">Read more &rarr;<\/a><\/p>\n","protected":false},"author":1,"featured_media":0,"comment_status":"open","ping_status":"open","sticky":false,"template":"","format":"standard","meta":{"ngg_post_thumbnail":0,"footnotes":""},"categories":[4,523],"tags":[],"class_list":["post-170337","post","type-post","status-publish","format-standard","hentry","category-moda","category-paris"],"_links":{"self":[{"href":"https:\/\/bobvarela.com\/index.php?rest_route=\/wp\/v2\/posts\/170337","targetHints":{"allow":["GET"]}}],"collection":[{"href":"https:\/\/bobvarela.com\/index.php?rest_route=\/wp\/v2\/posts"}],"about":[{"href":"https:\/\/bobvarela.com\/index.php?rest_route=\/wp\/v2\/types\/post"}],"author":[{"embeddable":true,"href":"https:\/\/bobvarela.com\/index.php?rest_route=\/wp\/v2\/users\/1"}],"replies":[{"embeddable":true,"href":"https:\/\/bobvarela.com\/index.php?rest_route=%2Fwp%2Fv2%2Fcomments&post=170337"}],"version-history":[{"count":1,"href":"https:\/\/bobvarela.com\/index.php?rest_route=\/wp\/v2\/posts\/170337\/revisions"}],"predecessor-version":[{"id":170338,"href":"https:\/\/bobvarela.com\/index.php?rest_route=\/wp\/v2\/posts\/170337\/revisions\/170338"}],"wp:attachment":[{"href":"https:\/\/bobvarela.com\/index.php?rest_route=%2Fwp%2Fv2%2Fmedia&parent=170337"}],"wp:term":[{"taxonomy":"category","embeddable":true,"href":"https:\/\/bobvarela.com\/index.php?rest_route=%2Fwp%2Fv2%2Fcategories&post=170337"},{"taxonomy":"post_tag","embeddable":true,"href":"https:\/\/bobvarela.com\/index.php?rest_route=%2Fwp%2Fv2%2Ftags&post=170337"}],"curies":[{"name":"wp","href":"https:\/\/api.w.org\/{rel}","templated":true}]}}