{"id":170339,"date":"2025-07-15T08:12:33","date_gmt":"2025-07-15T12:12:33","guid":{"rendered":"https:\/\/bobvarela.com\/?p=170339"},"modified":"2025-07-15T08:13:50","modified_gmt":"2025-07-15T12:13:50","slug":"franck-sorbier-otoo-invierno-2025-26-alta-costura","status":"publish","type":"post","link":"https:\/\/bobvarela.com\/?p=170339","title":{"rendered":"Franck Sorbier Oto&ntilde;o Invierno 2025-26 Alta Costura"},"content":{"rendered":"<p align=\"justify\"><font size=\"3\">Franck Sorbier devolvi\u00f3 el boato y la narraci\u00f3n po\u00e9tica a la vanguardia de la alta costura con su colecci\u00f3n Oto\u00f1o-Invierno 2025-2026. Celebrado en Par\u00eds, el espect\u00e1culo fue una oda teatral a la mitolog\u00eda inca y a la iconograf\u00eda real, junto con la atenci\u00f3n distintiva del modisto a la artesan\u00eda y el di\u00e1logo cultural. Como uno de los pocos miembros oficiales de la Chambre Syndicale de la Haute Couture desde 2005, Sorbier se posicion\u00f3 una vez m\u00e1s en la intersecci\u00f3n de la moda, el rendimi<\/font><\/p>\n<p align=\"justify\"><font size=\"3\">Titulada y escenificada al ritmo de una procesi\u00f3n ceremonial, la colecci\u00f3n se despleg\u00f3 con grandeza. La imagen m\u00e1s impactante de la muestra, una modelo envuelta en oro y coronada como una deidad solar, bast\u00f3n en mano, marc\u00f3 la pauta de una exhibici\u00f3n llena de simbolismo. No era simplemente una colecci\u00f3n, sino un fresco viviente que celebraba los ritos antiguos y el poder sagrado a trav\u00e9s del lenguaje de la alta costura.<\/font><\/p>\n<p align=\"justify\"><font size=\"3\">Las siluetas de Sorbier recordaban la majestuosa presencia de la realeza precolombina. Faldas anchas y amplias en telas pesadas y nobles se mov\u00edan con gravedad intencional, ancladas por corpi\u00f1os bien esculpidos que evocaban tanto insignias como armaduras. Las ricas texturas jugaron un papel central, desde cotas de malla doradas y adornos en forma de monedas hasta ponchos estructurados bordeados con brillantes flecos dorados, una sofisticada fusi\u00f3n de tradici\u00f3n andina y delicadeza parisina.<\/font><\/p>\n<p align=\"justify\"><font size=\"3\">En otros lugares, los abrigos expansivos parec\u00edan respirar vida bordada, mientras los patrones figurativos y los motivos naturales se deslizaban por las superficies como crecimiento org\u00e1nico. Los detalles invitaban a una inspecci\u00f3n minuciosa: volantes en cascada debajo de cuellos estructurados, chales ornamentados llenos de trabajo manual y textiles que brillaban con historias incrustadas. Cada prenda llevaba el toque inconfundible del trabajo artesanal, arraigado tanto en referencias hist\u00f3ricas como en una profunda resonancia emocional.<\/font><\/p>\n<p align=\"justify\"><font size=\"3\">La escenograf\u00eda amplific\u00f3 el dramatismo. Un tel\u00f3n de fondo t\u00e1ctil y ondulante de tela fundida evocaba un paisaje de otro mundo, en parte volc\u00e1n, en parte terreno m\u00edtico, que serv\u00eda como recordatorio de que la alta costura de Sorbier no se limita al cuerpo, sino que se extiende al espacio y la atm\u00f3sfera. Su capacidad para crear mundos inmersivos eleva cada desfile a un tableau vivant totalmente sensorial.<\/font><\/p>\n<p align=\"justify\"><font size=\"3\">Lo que distingue a Sorbier en el \u00e1mbito de la alta costura es su capacidad para fusionar la ambici\u00f3n narrativa con la precisi\u00f3n t\u00e9cnica. Bas\u00e1ndose en mitolog\u00edas globales y linajes culturales, su trabajo se resiste al ritmo acelerado de las tendencias de moda estacionales. En cambio, invita a su audiencia a hacer una pausa, a considerar y a transportarse. Su colecci\u00f3n Oto\u00f1o-Invierno 2025-2026 no fue un ejercicio retrospectivo, sino una reinterpretaci\u00f3n reverente, una que reconoc\u00eda el pasado al tiempo que lo tej\u00eda sin problemas con el presente.<\/font><\/p>\n<p align=\"justify\"><font size=\"3\">A trav\u00e9s de la lente del simbolismo inca y la maestr\u00eda artesanal, Franck Sorbier entreg\u00f3 una colecci\u00f3n de alta costura que abrazaba la grandeza sin renunciar a la profundidad. Fue una afirmaci\u00f3n de que la alta costura sigue siendo, en su forma m\u00e1s poderosa, un espacio para la narraci\u00f3n de historias, el espect\u00e1culo y la artesan\u00eda atemporal.<\/font><\/p>\nngg_shortcode_0_placeholder\n","protected":false},"excerpt":{"rendered":"<p>Franck Sorbier devolvi\u00f3 el boato y la narraci\u00f3n po\u00e9tica a la vanguardia de la alta costura con su colecci\u00f3n Oto\u00f1o-Invierno 2025-2026. Celebrado en Par\u00eds, el espect\u00e1culo fue una oda teatral a la mitolog\u00eda inca y a la iconograf\u00eda real, junto&hellip;<\/p>\n<p class=\"more-link-p\"><a class=\"more-link\" href=\"https:\/\/bobvarela.com\/?p=170339\">Read more &rarr;<\/a><\/p>\n","protected":false},"author":1,"featured_media":0,"comment_status":"open","ping_status":"open","sticky":false,"template":"","format":"standard","meta":{"ngg_post_thumbnail":0,"footnotes":""},"categories":[4,523],"tags":[],"class_list":["post-170339","post","type-post","status-publish","format-standard","hentry","category-moda","category-paris"],"_links":{"self":[{"href":"https:\/\/bobvarela.com\/index.php?rest_route=\/wp\/v2\/posts\/170339","targetHints":{"allow":["GET"]}}],"collection":[{"href":"https:\/\/bobvarela.com\/index.php?rest_route=\/wp\/v2\/posts"}],"about":[{"href":"https:\/\/bobvarela.com\/index.php?rest_route=\/wp\/v2\/types\/post"}],"author":[{"embeddable":true,"href":"https:\/\/bobvarela.com\/index.php?rest_route=\/wp\/v2\/users\/1"}],"replies":[{"embeddable":true,"href":"https:\/\/bobvarela.com\/index.php?rest_route=%2Fwp%2Fv2%2Fcomments&post=170339"}],"version-history":[{"count":2,"href":"https:\/\/bobvarela.com\/index.php?rest_route=\/wp\/v2\/posts\/170339\/revisions"}],"predecessor-version":[{"id":170341,"href":"https:\/\/bobvarela.com\/index.php?rest_route=\/wp\/v2\/posts\/170339\/revisions\/170341"}],"wp:attachment":[{"href":"https:\/\/bobvarela.com\/index.php?rest_route=%2Fwp%2Fv2%2Fmedia&parent=170339"}],"wp:term":[{"taxonomy":"category","embeddable":true,"href":"https:\/\/bobvarela.com\/index.php?rest_route=%2Fwp%2Fv2%2Fcategories&post=170339"},{"taxonomy":"post_tag","embeddable":true,"href":"https:\/\/bobvarela.com\/index.php?rest_route=%2Fwp%2Fv2%2Ftags&post=170339"}],"curies":[{"name":"wp","href":"https:\/\/api.w.org\/{rel}","templated":true}]}}