{"id":170487,"date":"2025-07-16T09:45:21","date_gmt":"2025-07-16T13:45:21","guid":{"rendered":"https:\/\/bobvarela.com\/?p=170487"},"modified":"2025-07-16T09:45:21","modified_gmt":"2025-07-16T13:45:21","slug":"desfile-de-alta-costura-de-dolce-gabbana-2025-en-roma","status":"publish","type":"post","link":"https:\/\/bobvarela.com\/?p=170487","title":{"rendered":"Desfile de Alta Costura de Dolce &amp; Gabbana 2025 en Roma"},"content":{"rendered":"<p align=\"justify\"><font size=\"3\">El 14 de julio de 2025, Roma se convirti\u00f3 en el majestuoso escenario del \u00faltimo cap\u00edtulo de Dolce &amp; Gabbana en su Gran Tour Alta Moda, un proyecto que, en los \u00faltimos doce a\u00f1os, ha redefinido la alta costura a trav\u00e9s de una lente profundamente italiana. Despu\u00e9s de encantar ciudades como Taormina, Venecia y Florencia, la casa de moda lleg\u00f3 a la Ciudad Eterna con una colecci\u00f3n que abrazaba con reverencia sus capas hist\u00f3ricas, desde la antigua grandeza imperial hasta el glamour cinematogr\u00e1fico del siglo XX.<\/font><\/p>\n<p align=\"justify\"><font size=\"3\">Esta instalaci\u00f3n romana, parte de un evento de tres d\u00edas, no fue simplemente un desfile de moda, sino una celebraci\u00f3n cultural multifac\u00e9tica. Sigui\u00f3 al reciente \u00e9xito de la exposici\u00f3n &#8220;Dal Cuore alle Mani&#8221; en el Palazzo delle Esposizioni, un viaje inmersivo a la artesan\u00eda y la creatividad de Dolce &amp; Gabbana que ha cautivado al p\u00fablico en Mil\u00e1n, Par\u00eds y ahora Roma, antes de dirigirse a los Estados Unidos y Asia.<\/font><\/p>\n<p align=\"justify\"><font size=\"3\">Originalmente programada para abrir con una presentaci\u00f3n de Alta Gioielleria en la evocadora Villa Adriana en Tivoli, la primera noche fue lamentablemente cancelada debido a condiciones clim\u00e1ticas imprevistas. Sin embargo, la exhibici\u00f3n de Alta Moda en el Foro It\u00e1lico y Alta Sartoria en el Castel Sant&#8217;Angelo lo compensaron con creces, ofreciendo un espect\u00e1culo rico en simbolismo y di\u00e1logo cultural.<\/font><\/p>\n<p align=\"justify\"><font size=\"3\">En el coraz\u00f3n de la colecci\u00f3n Alta Moda 2025 hab\u00eda un doble homenaje: al Imperio Romano y a la \u00e9poca dorada del cine italiano, en particular a la \u00e9poca de &#8220;Hollywood en el T\u00edber&#8221;. Estas dos \u00e9pocas, aunque separadas por siglos, est\u00e1n profundamente entrelazadas en la identidad de Roma, ya que ambas representan \u00e9pocas en las que el mito no solo se contaba, sino que se viv\u00eda. Los dise\u00f1adores canalizaron esta continuidad entre los dioses y las estrellas de cine, la arquitectura y el encanto, fusionando la est\u00e9tica cl\u00e1sica y contempor\u00e1nea en una narrativa sin fisuras<\/font><\/p>\n<p align=\"justify\"><font size=\"3\">La pasarela se convirti\u00f3 en una procesi\u00f3n de prendas escult\u00f3ricas que evocaban el patrimonio monumental de la ciudad. Los vestidos drapeados con precisi\u00f3n arquitect\u00f3nica recordaban a las t\u00fanicas antiguas, sus l\u00edneas inspiradas en togas y estatuarias. La corseter\u00eda imitaba la armadura dorada, que recordaba a deidades como Minerva y Juno, elaborada en materiales que imitaban el m\u00e1rmol y el bronce, pero que se mov\u00edan con una elegancia fluida. Los adornos hac\u00edan referencia a columnas, ruinas y motivos de templos, creando prendas que eran a la vez ponibles y m\u00edticas.<\/font><\/p>\n<p align=\"justify\"><font size=\"3\">Sin embargo, no se trataba de un ejercicio de nostalgia. A medida que el programa transicion\u00f3, el lenguaje de la moda cambi\u00f3 a las siluetas de mediados del siglo XX, evocando a los \u00edconos cinematogr\u00e1ficos que hicieron de Roma una capital cultural global. Los ecos de Fellini, La Dolce Vita y las figuras legendarias de Anita Ekberg, Elizabeth Taylor y Audrey Hepburn se canalizaron a trav\u00e9s de corpi\u00f1os ce\u00f1idos a las curvas, faldas voluminosas y sastrer\u00eda elegante. Estos dise\u00f1os rindieron homenaje a una \u00e9poca en la que el glamour se convirti\u00f3 en mitolog\u00eda moderna, haci\u00e9ndose eco del eterno encanto de lo divino femenino.<\/font><\/p>\n<p align=\"justify\"><font size=\"3\">El desfile de Dolce &amp; Gabbana en Roma se desarroll\u00f3 menos como un evento de moda tradicional y m\u00e1s como un cuadro cultural, un intrincado tapiz de \u00e9pocas y emociones, donde las prendas se convirtieron en recipientes de la memoria y la imaginaci\u00f3n. Cada look era un portal: desde los ecos marm\u00f3reos de los templos antiguos hasta el brillo dorado de la pantalla grande, la colecci\u00f3n invitaba a los espectadores a una visi\u00f3n multidimensional de Roma que trascend\u00eda el tiempo. En lugar de tratar la ciudad como un tel\u00f3n de fondo esc\u00e9nico, los dise\u00f1adores la utilizaron como una musa viviente: compleja, dram\u00e1tica e infinitamente generadora. Con Alta Moda 2025, no solo presentaron alta costura; Orquestaron un di\u00e1logo entre \u00e9pocas, \u00edconos e ideales. El resultado no fue solo un homenaje a la historia, sino una nueva capa en la propia leyenda en evoluci\u00f3n de Roma, una cosida en oro, sombra y luz cinematogr\u00e1fica.<\/font><\/p>\n<p align=\"justify\"><font size=\"3\">.ngg_shortcode_0_placeholder<\/font><\/p>\n","protected":false},"excerpt":{"rendered":"<p>El 14 de julio de 2025, Roma se convirti\u00f3 en el majestuoso escenario del \u00faltimo cap\u00edtulo de Dolce &amp; Gabbana en su Gran Tour Alta Moda, un proyecto que, en los \u00faltimos doce a\u00f1os, ha redefinido la alta costura a&hellip;<\/p>\n<p class=\"more-link-p\"><a class=\"more-link\" href=\"https:\/\/bobvarela.com\/?p=170487\">Read more &rarr;<\/a><\/p>\n","protected":false},"author":1,"featured_media":0,"comment_status":"open","ping_status":"open","sticky":false,"template":"","format":"standard","meta":{"ngg_post_thumbnail":0,"footnotes":""},"categories":[4],"tags":[],"class_list":["post-170487","post","type-post","status-publish","format-standard","hentry","category-moda"],"_links":{"self":[{"href":"https:\/\/bobvarela.com\/index.php?rest_route=\/wp\/v2\/posts\/170487","targetHints":{"allow":["GET"]}}],"collection":[{"href":"https:\/\/bobvarela.com\/index.php?rest_route=\/wp\/v2\/posts"}],"about":[{"href":"https:\/\/bobvarela.com\/index.php?rest_route=\/wp\/v2\/types\/post"}],"author":[{"embeddable":true,"href":"https:\/\/bobvarela.com\/index.php?rest_route=\/wp\/v2\/users\/1"}],"replies":[{"embeddable":true,"href":"https:\/\/bobvarela.com\/index.php?rest_route=%2Fwp%2Fv2%2Fcomments&post=170487"}],"version-history":[{"count":1,"href":"https:\/\/bobvarela.com\/index.php?rest_route=\/wp\/v2\/posts\/170487\/revisions"}],"predecessor-version":[{"id":170488,"href":"https:\/\/bobvarela.com\/index.php?rest_route=\/wp\/v2\/posts\/170487\/revisions\/170488"}],"wp:attachment":[{"href":"https:\/\/bobvarela.com\/index.php?rest_route=%2Fwp%2Fv2%2Fmedia&parent=170487"}],"wp:term":[{"taxonomy":"category","embeddable":true,"href":"https:\/\/bobvarela.com\/index.php?rest_route=%2Fwp%2Fv2%2Fcategories&post=170487"},{"taxonomy":"post_tag","embeddable":true,"href":"https:\/\/bobvarela.com\/index.php?rest_route=%2Fwp%2Fv2%2Ftags&post=170487"}],"curies":[{"name":"wp","href":"https:\/\/api.w.org\/{rel}","templated":true}]}}