{"id":170489,"date":"2025-07-16T09:46:40","date_gmt":"2025-07-16T13:46:40","guid":{"rendered":"https:\/\/bobvarela.com\/?p=170489"},"modified":"2025-07-16T09:46:40","modified_gmt":"2025-07-16T13:46:40","slug":"yuima-nakazato-otoo-invierno-2025-26-alta-costura","status":"publish","type":"post","link":"https:\/\/bobvarela.com\/?p=170489","title":{"rendered":"Yuima Nakazato Oto&ntilde;o Invierno 2025-26 Alta Costura"},"content":{"rendered":"<p align=\"justify\"><font size=\"3\">Yuima Nakazato present\u00f3 una colecci\u00f3n de Alta Costura Oto\u00f1o-Invierno 2025-2026 profundamente po\u00e9tica, un estudio matizado de contrastes y fragilidad. Inspirado por un reciente viaje a Finlandia con el bailar\u00edn Evgeny Ganeev, donde exploraron fotografiar la piel desnuda en un fr\u00edo extremo, el dise\u00f1ador conceptual japon\u00e9s dirigi\u00f3 su mirada hacia el papel fundamental de la ropa: proteger el cuerpo humano de su entorno. Este concepto fundacional impregn\u00f3 la colecci\u00f3n, con impresiones a gran escala de las im\u00e1genes de la expedici\u00f3n finlandesa que adornan algunas de las piezas de sastrer\u00eda.<\/font><\/p>\n<p><font size=\"3\"><\/p>\n<p align=\"justify\"><font size=\"3\"><\/font><\/p>\n<p><\/font><\/p>\n<p align=\"justify\"><font size=\"3\"><\/font><font size=\"3\">La visi\u00f3n de Nakazato reuni\u00f3 elementos aparentemente opuestos. Un llamativo vestido de cota de malla, con un acabado plateado envejecido, se mov\u00eda con un tintineo audible, su apariencia de fuerza met\u00e1lica desmentida por su delicada composici\u00f3n cer\u00e1mica. Este motivo met\u00e1lico se extendi\u00f3 a las joyas y tocados del dise\u00f1ador, que inclu\u00edan m\u00e1scaras faciales de otro mundo, que insinuaban su trabajo de vestuario, y creaciones en forma de concha ingeniosamente ahuecadas sobre un pecho.<\/font><\/p>\n<p align=\"justify\"><font size=\"3\"><\/font><font size=\"3\"><\/font><font size=\"3\">La interacci\u00f3n de la fragilidad y la fuerza se explor\u00f3 a\u00fan m\u00e1s a trav\u00e9s de prendas en las que las cadenas de lana y metal se tej\u00edan a mano. La paleta de colores de la colecci\u00f3n se inspir\u00f3 en paisajes helados, manifest\u00e1ndose en telas hologr\u00e1ficas semitransparentes. Estos materiales se cortaron meticulosamente en pedazos y se colocaron en capas tridimensionales, que recuerdan a las branquias, sostenidos por intrincadas estructuras de alambre y peque\u00f1os sujetadores, creando una sensaci\u00f3n din\u00e1mica de movimiento y profundidad.<\/font><\/p>\n<p align=\"justify\"><font size=\"3\">Las piezas de sastrer\u00eda presentaban cortes diagonales precisos, unidos por cierres de cremallera funcionales. Los paneles tipo chaleco se abotonaron de forma innovadora sobre la sastrer\u00eda alargada, permiti\u00e9ndose agitar libremente, mientras que los detalles de plastr\u00f3n protector reforzaron el tema central de la colecci\u00f3n de salvaguardar el cuerpo.<\/font><\/p>\n<p><font size=\"3\"><\/p>\n<p align=\"justify\"><font size=\"3\"><\/font><\/p>\n<p><\/font><\/p>\n<p align=\"justify\"><font size=\"3\"><\/font><font size=\"3\">La presentaci\u00f3n del desfile fue tan conceptual como la propia colecci\u00f3n. Mientras las modelos desfilaban por la pasarela, el espacio central fue ocupado por Nakazato y Ganeev. En una poderosa actuaci\u00f3n, el dise\u00f1ador recuper\u00f3 cuatro cuencos de cer\u00e1mica suspendidos en lo alto, volcando su contenido de tinta sobre un sudario blanco pr\u00edstino que envolv\u00eda el cuerpo de la bailarina. A medida que las manchas oscuras se extend\u00edan, Ganeev se retorci\u00f3 en una muestra visceral de emoci\u00f3n antes de levantarse, llev\u00e1ndose consigo tiras de la tela ahora deslustrada que bailaban alrededor de su forma, reflejando las construcciones de tela tridimensionales que se ven en toda la colecci\u00f3n. Este evocador final subray\u00f3 los temas de la colecci\u00f3n sobre la vulnerabilidad, la transformaci\u00f3n y la interacci\u00f3n entre el cuerpo y sus capas protectoras.<\/font><\/p>\n<p align=\"justify\"><font size=\"3\"><\/font><font size=\"3\"><\/font><font size=\"3\">ngg_shortcode_0_placeholder<\/font><\/p>\n","protected":false},"excerpt":{"rendered":"<p>Yuima Nakazato present\u00f3 una colecci\u00f3n de Alta Costura Oto\u00f1o-Invierno 2025-2026 profundamente po\u00e9tica, un estudio matizado de contrastes y fragilidad. Inspirado por un reciente viaje a Finlandia con el bailar\u00edn Evgeny Ganeev, donde exploraron fotografiar la piel desnuda en un fr\u00edo&hellip;<\/p>\n<p class=\"more-link-p\"><a class=\"more-link\" href=\"https:\/\/bobvarela.com\/?p=170489\">Read more &rarr;<\/a><\/p>\n","protected":false},"author":1,"featured_media":0,"comment_status":"open","ping_status":"open","sticky":false,"template":"","format":"standard","meta":{"ngg_post_thumbnail":0,"footnotes":""},"categories":[4,523],"tags":[],"class_list":["post-170489","post","type-post","status-publish","format-standard","hentry","category-moda","category-paris"],"_links":{"self":[{"href":"https:\/\/bobvarela.com\/index.php?rest_route=\/wp\/v2\/posts\/170489","targetHints":{"allow":["GET"]}}],"collection":[{"href":"https:\/\/bobvarela.com\/index.php?rest_route=\/wp\/v2\/posts"}],"about":[{"href":"https:\/\/bobvarela.com\/index.php?rest_route=\/wp\/v2\/types\/post"}],"author":[{"embeddable":true,"href":"https:\/\/bobvarela.com\/index.php?rest_route=\/wp\/v2\/users\/1"}],"replies":[{"embeddable":true,"href":"https:\/\/bobvarela.com\/index.php?rest_route=%2Fwp%2Fv2%2Fcomments&post=170489"}],"version-history":[{"count":1,"href":"https:\/\/bobvarela.com\/index.php?rest_route=\/wp\/v2\/posts\/170489\/revisions"}],"predecessor-version":[{"id":170490,"href":"https:\/\/bobvarela.com\/index.php?rest_route=\/wp\/v2\/posts\/170489\/revisions\/170490"}],"wp:attachment":[{"href":"https:\/\/bobvarela.com\/index.php?rest_route=%2Fwp%2Fv2%2Fmedia&parent=170489"}],"wp:term":[{"taxonomy":"category","embeddable":true,"href":"https:\/\/bobvarela.com\/index.php?rest_route=%2Fwp%2Fv2%2Fcategories&post=170489"},{"taxonomy":"post_tag","embeddable":true,"href":"https:\/\/bobvarela.com\/index.php?rest_route=%2Fwp%2Fv2%2Ftags&post=170489"}],"curies":[{"name":"wp","href":"https:\/\/api.w.org\/{rel}","templated":true}]}}