{"id":170491,"date":"2025-07-16T09:47:47","date_gmt":"2025-07-16T13:47:47","guid":{"rendered":"https:\/\/bobvarela.com\/?p=170491"},"modified":"2025-07-16T09:47:47","modified_gmt":"2025-07-16T13:47:47","slug":"aelis-couture-otoo-invierno-2025-26-alta-costura","status":"publish","type":"post","link":"https:\/\/bobvarela.com\/?p=170491","title":{"rendered":"Aelis Couture Oto&ntilde;o Invierno 2025-26 Alta Costura"},"content":{"rendered":"<p align=\"justify\"><font size=\"3\">El 10 de julio de 2025, Aelis Couture present\u00f3 su colecci\u00f3n de Alta Costura Oto\u00f1o-Invierno 2025-2026 en la Semana de la Alta Costura de Par\u00eds, presentando una visi\u00f3n impregnada de emoci\u00f3n, artesan\u00eda y una conmovedora exploraci\u00f3n del amor universal. La directora creativa, Sofia Crociani, recurri\u00f3 al poder simb\u00f3lico del color, espec\u00edficamente el rojo, como veh\u00edculo para comunicar una experiencia humana compartida. Alej\u00e1ndose del tema de la bondad de la temporada anterior, esta colecci\u00f3n lleg\u00f3 m\u00e1s all\u00e1, con el objetivo de conectar a trav\u00e9s de un sentimiento m\u00e1s elemental y visceral.<\/font><\/p>\n<p><font size=\"3\"><\/p>\n<p align=\"justify\"><font size=\"3\"><\/font><\/p>\n<p><\/font><\/p>\n<p align=\"justify\"><font size=\"3\"><\/font><font size=\"3\">La colecci\u00f3n abraz\u00f3 el rojo en todo su espectro expresivo, desde los suaves tonos rosados hasta los intensos burdeos y carmes\u00ed. Esta paleta de colores actu\u00f3 como ancla visual y corriente emocional, ofreciendo un tono unificador a trav\u00e9s de una amplia gama de siluetas y fabricaciones. El ambiente oscil\u00f3 entre lo et\u00e9reo y lo estructurado, subrayando la versatilidad del tono elegido y la construcci\u00f3n reflexiva detr\u00e1s de cada pieza.<\/font><\/p>\n<p align=\"justify\"><font size=\"3\"><\/font><font size=\"3\"><\/font><font size=\"3\">Las inspiraciones de Crociani llegaron hasta la antig\u00fcedad, concretamente el antiguo teatro grecorromano de Hier\u00e1polis, dando como resultado prendas que combinaban referencias hist\u00f3ricas con el refinamiento contempor\u00e1neo. Lo m\u00e1s destacado del desfile fue un vestido drapeado con hombros descubiertos en seda burdeos profunda, cuyo movimiento acent\u00faa el cuerpo con tranquila gracia. En otro punto destacado, un corpi\u00f1o de terciopelo elaborado con una antigua t\u00e9cnica de corte de sable se combin\u00f3 con una falda de organza blanca fluida, mostrando el compromiso de Crociani con el volumen y la textura a trav\u00e9s de la manipulaci\u00f3n de la tela en lugar del exceso.<\/font><\/p>\n<p align=\"justify\"><font size=\"3\">La innovaci\u00f3n de materiales y la sostenibilidad siguieron siendo fundamentales para la colecci\u00f3n. Crociani continu\u00f3 su colaboraci\u00f3n con la \u00d3pera de Par\u00eds, reciclando cintas met\u00e1licas de los archivos del teatro para crear un vestido transparente y voluminoso estilo tut\u00fa. Esta pieza, como muchas otras en la muestra, reflej\u00f3 la filosof\u00eda del dise\u00f1ador de que la belleza puede surgir de la memoria colectiva y los materiales reimaginados. Las delicadas superposiciones de encaje, los bordados de piedra volc\u00e1nica y las lentejuelas recicladas aportaron una sensaci\u00f3n de historia y transformaci\u00f3n, y cada detalle contribuy\u00f3 a una narrativa m\u00e1s grande que la propia prenda.<\/font><\/p>\n<p><font size=\"3\"><\/p>\n<p align=\"justify\"><font size=\"3\"><\/font><\/p>\n<p><\/font><\/p>\n<p align=\"justify\"><font size=\"3\"><\/font><font size=\"3\">La interacci\u00f3n entre fragilidad y fuerza fue una caracter\u00edstica definitoria de la colecci\u00f3n. Las capas transparentes se contrarrestaban con fuertes elementos estructurales, mientras que los adornos refinados suavizaban las formas m\u00e1s r\u00edgidas. Estas tensiones se manifestaron en las siluetas, que iban desde onduladas y org\u00e1nicas hasta n\u00edtidamente contorneadas, siempre teniendo en cuenta la armon\u00eda y la proporci\u00f3n.<\/font><\/p>\n<p align=\"justify\"><font size=\"3\"><\/font><font size=\"3\"><\/font><font size=\"3\">La colecci\u00f3n Oto\u00f1o-Invierno 2025-2026 de Aelis Couture demostr\u00f3 c\u00f3mo la moda puede trascender el lenguaje y la geograf\u00eda para hablar directamente al coraz\u00f3n humano. A trav\u00e9s del poder emotivo del color y la integridad de la t\u00e9cnica artesanal, Sofia Crociani ofrec\u00eda m\u00e1s que alta costura: ofrec\u00eda conexi\u00f3n. En una temporada definida por la universalidad, su trabajo se erigi\u00f3 como un tributo a la herencia colectiva y un gesto esperanzador hacia un futuro m\u00e1s compasivo.<\/font><\/p>\n<p align=\"justify\"><font size=\"3\">ngg_shortcode_0_placeholder<\/font><\/p>\n","protected":false},"excerpt":{"rendered":"<p>El 10 de julio de 2025, Aelis Couture present\u00f3 su colecci\u00f3n de Alta Costura Oto\u00f1o-Invierno 2025-2026 en la Semana de la Alta Costura de Par\u00eds, presentando una visi\u00f3n impregnada de emoci\u00f3n, artesan\u00eda y una conmovedora exploraci\u00f3n del amor universal. La&hellip;<\/p>\n<p class=\"more-link-p\"><a class=\"more-link\" href=\"https:\/\/bobvarela.com\/?p=170491\">Read more &rarr;<\/a><\/p>\n","protected":false},"author":1,"featured_media":0,"comment_status":"open","ping_status":"open","sticky":false,"template":"","format":"standard","meta":{"ngg_post_thumbnail":0,"footnotes":""},"categories":[4,523],"tags":[],"class_list":["post-170491","post","type-post","status-publish","format-standard","hentry","category-moda","category-paris"],"_links":{"self":[{"href":"https:\/\/bobvarela.com\/index.php?rest_route=\/wp\/v2\/posts\/170491","targetHints":{"allow":["GET"]}}],"collection":[{"href":"https:\/\/bobvarela.com\/index.php?rest_route=\/wp\/v2\/posts"}],"about":[{"href":"https:\/\/bobvarela.com\/index.php?rest_route=\/wp\/v2\/types\/post"}],"author":[{"embeddable":true,"href":"https:\/\/bobvarela.com\/index.php?rest_route=\/wp\/v2\/users\/1"}],"replies":[{"embeddable":true,"href":"https:\/\/bobvarela.com\/index.php?rest_route=%2Fwp%2Fv2%2Fcomments&post=170491"}],"version-history":[{"count":1,"href":"https:\/\/bobvarela.com\/index.php?rest_route=\/wp\/v2\/posts\/170491\/revisions"}],"predecessor-version":[{"id":170492,"href":"https:\/\/bobvarela.com\/index.php?rest_route=\/wp\/v2\/posts\/170491\/revisions\/170492"}],"wp:attachment":[{"href":"https:\/\/bobvarela.com\/index.php?rest_route=%2Fwp%2Fv2%2Fmedia&parent=170491"}],"wp:term":[{"taxonomy":"category","embeddable":true,"href":"https:\/\/bobvarela.com\/index.php?rest_route=%2Fwp%2Fv2%2Fcategories&post=170491"},{"taxonomy":"post_tag","embeddable":true,"href":"https:\/\/bobvarela.com\/index.php?rest_route=%2Fwp%2Fv2%2Ftags&post=170491"}],"curies":[{"name":"wp","href":"https:\/\/api.w.org\/{rel}","templated":true}]}}