{"id":170583,"date":"2025-07-18T16:36:18","date_gmt":"2025-07-18T20:36:18","guid":{"rendered":"https:\/\/bobvarela.com\/?p=170583"},"modified":"2025-07-18T16:36:18","modified_gmt":"2025-07-18T20:36:18","slug":"la-vida-es-bella-centro-universitario-de-humacao-y-manati-edp-university","status":"publish","type":"post","link":"https:\/\/bobvarela.com\/?p=170583","title":{"rendered":"&ldquo;La vida es Bella&rdquo; Centro Universitario de Humacao y Manati EDP University"},"content":{"rendered":"<p align=\"justify\"><font size=\"3\">El 16 de julio los estudiantes de Dise\u00f1o de Modas Digital de EDP University Centro Universitario de Humacao y Manati , presentaron sus \u201clooks\u201d de ocasi\u00f3n especial bajo la tematica de \u201cLa vida es Bella\u201d.<\/font><\/p>\n<p align=\"justify\"><font size=\"3\">Con un aire de la moda francesa victoriana coma inspiraci\u00f3n, las dise\u00f1adores crearon piezas de gala y novias que incluyen corseter\u00eda, encajes y volumen muy de la \u00e9poca, pero interpretados para la moda actual. Los dise\u00f1adores que presentarion fueron por el Centro Universitario de Manati:<\/font>&nbsp;<\/p>\n<ul>\n<li><font size=\"3\">&nbsp;<strong>Jonathan Reyes<br \/>\n<\/strong><\/font><\/li>\n<li><font size=\"3\"><strong>Zailymar Pab\u00f3n<br \/>\n<\/strong><\/font><\/li>\n<li><font size=\"3\"><strong>\u00c1ngel L\u00f3pez<br \/>\n<\/strong><\/font><\/li>\n<li><font size=\"3\"><strong>Shelivette Negr\u00f3n<br \/>\n<\/strong><\/font><\/li>\n<li><font size=\"3\"><strong>Deyaneira S\u00e1nchez<br \/>\n<\/strong><\/font><\/li>\n<li><font size=\"3\"><strong>Yizelle Gonz\u00e1lez<br \/>\n<\/strong><\/font><\/li>\n<li><font size=\"3\"><strong>Kiria L\u00f3pez<br \/>\n<\/strong><\/font><\/li>\n<li><font size=\"3\"><strong>Ismarielis Moreno<\/strong><\/font><\/li>\n<\/ul>\n<p><font size=\"3\">Por el&nbsp; Centro Universitario de Humacao presentaron:<\/font><\/p>\n<ul>\n<li><font size=\"3\"><strong>Keniel D\u00edaz<br \/>\n<\/strong><\/font><\/li>\n<li><font size=\"3\"><strong>Mar\u00eda Castro<br \/>\n<\/strong><\/font><\/li>\n<li><font size=\"3\"><strong>Yarielis Merced<br \/>\n<\/strong><\/font><\/li>\n<li><font size=\"3\"><strong>Tanisha Rosario<br \/>\n<\/strong><\/font><\/li>\n<li><font size=\"3\"><strong>Yalizmar Rivera<br \/>\n<\/strong><\/font><\/li>\n<li><font size=\"3\"><strong>Halana Joseph<\/strong><\/font><\/li>\n<\/ul>\nngg_shortcode_0_placeholder\n","protected":false},"excerpt":{"rendered":"<p>El 16 de julio los estudiantes de Dise\u00f1o de Modas Digital de EDP University Centro Universitario de Humacao y Manati , presentaron sus \u201clooks\u201d de ocasi\u00f3n especial bajo la tematica de \u201cLa vida es Bella\u201d. Con un aire de la&hellip;<\/p>\n<p class=\"more-link-p\"><a class=\"more-link\" href=\"https:\/\/bobvarela.com\/?p=170583\">Read more &rarr;<\/a><\/p>\n","protected":false},"author":1,"featured_media":0,"comment_status":"open","ping_status":"open","sticky":false,"template":"","format":"standard","meta":{"ngg_post_thumbnail":0,"footnotes":""},"categories":[4],"tags":[],"class_list":["post-170583","post","type-post","status-publish","format-standard","hentry","category-moda"],"_links":{"self":[{"href":"https:\/\/bobvarela.com\/index.php?rest_route=\/wp\/v2\/posts\/170583","targetHints":{"allow":["GET"]}}],"collection":[{"href":"https:\/\/bobvarela.com\/index.php?rest_route=\/wp\/v2\/posts"}],"about":[{"href":"https:\/\/bobvarela.com\/index.php?rest_route=\/wp\/v2\/types\/post"}],"author":[{"embeddable":true,"href":"https:\/\/bobvarela.com\/index.php?rest_route=\/wp\/v2\/users\/1"}],"replies":[{"embeddable":true,"href":"https:\/\/bobvarela.com\/index.php?rest_route=%2Fwp%2Fv2%2Fcomments&post=170583"}],"version-history":[{"count":1,"href":"https:\/\/bobvarela.com\/index.php?rest_route=\/wp\/v2\/posts\/170583\/revisions"}],"predecessor-version":[{"id":170584,"href":"https:\/\/bobvarela.com\/index.php?rest_route=\/wp\/v2\/posts\/170583\/revisions\/170584"}],"wp:attachment":[{"href":"https:\/\/bobvarela.com\/index.php?rest_route=%2Fwp%2Fv2%2Fmedia&parent=170583"}],"wp:term":[{"taxonomy":"category","embeddable":true,"href":"https:\/\/bobvarela.com\/index.php?rest_route=%2Fwp%2Fv2%2Fcategories&post=170583"},{"taxonomy":"post_tag","embeddable":true,"href":"https:\/\/bobvarela.com\/index.php?rest_route=%2Fwp%2Fv2%2Ftags&post=170583"}],"curies":[{"name":"wp","href":"https:\/\/api.w.org\/{rel}","templated":true}]}}