{"id":170657,"date":"2025-07-24T11:00:32","date_gmt":"2025-07-24T15:00:32","guid":{"rendered":"https:\/\/bobvarela.com\/?p=170657"},"modified":"2025-07-24T11:00:32","modified_gmt":"2025-07-24T15:00:32","slug":"la-vida-es-bella-grado-asociado-edp-university","status":"publish","type":"post","link":"https:\/\/bobvarela.com\/?p=170657","title":{"rendered":"&ldquo;La vida es Bella&rdquo; Grado Asociado EDP University"},"content":{"rendered":"<p><font size=\"3\">El 16 de julio los estudiantes de Dise\u00f1o de Modas Digital de EDP University Centro Universitario de Humacao y Manati , presentaron sus \u201clooks\u201d de ocasi\u00f3n especial bajo la tematica de \u201cLa vida es Bella\u201d.<\/font><\/p>\n<p><font size=\"3\">Con un aire de la moda francesa victoriana coma inspiraci\u00f3n, las dise\u00f1adores crearon piezas de gala y novias que incluyen corseter\u00eda, encajes y volumen muy de la \u00e9poca, pero interpretados para la moda actual. Los dise\u00f1adores que presentarion fueron:<\/font><\/p>\n<p>1. Marjorie Santos<\/p>\n<p>2. Keyla Ramos<\/p>\n<p>3. Yanielys Real<\/p>\n<p>4. Jenilibeth Franco<\/p>\n<p>5. Nehiely Mart\u00ednez<\/p>\n<p>6. Eriadna Vega<\/p>\n<p>7. Ian Aponte<\/p>\n<p>8. Jensen Rivera<\/p>\n<p>9. Nerilis P\u00e9rez<\/p>\n<p>10. Catherine Rivera<\/p>\n<p>11. Marlyn Cruz<\/p>\n<p>12. Nagelly Virella<\/p>\n<p>13. Ronel Hern\u00e1ndez<\/p>\nngg_shortcode_0_placeholder\n","protected":false},"excerpt":{"rendered":"<p>El 16 de julio los estudiantes de Dise\u00f1o de Modas Digital de EDP University Centro Universitario de Humacao y Manati , presentaron sus \u201clooks\u201d de ocasi\u00f3n especial bajo la tematica de \u201cLa vida es Bella\u201d. Con un aire de la&hellip;<\/p>\n<p class=\"more-link-p\"><a class=\"more-link\" href=\"https:\/\/bobvarela.com\/?p=170657\">Read more &rarr;<\/a><\/p>\n","protected":false},"author":1,"featured_media":0,"comment_status":"open","ping_status":"open","sticky":false,"template":"","format":"standard","meta":{"ngg_post_thumbnail":0,"footnotes":""},"categories":[4,295],"tags":[],"class_list":["post-170657","post","type-post","status-publish","format-standard","hentry","category-moda","category-puerto-rico"],"_links":{"self":[{"href":"https:\/\/bobvarela.com\/index.php?rest_route=\/wp\/v2\/posts\/170657","targetHints":{"allow":["GET"]}}],"collection":[{"href":"https:\/\/bobvarela.com\/index.php?rest_route=\/wp\/v2\/posts"}],"about":[{"href":"https:\/\/bobvarela.com\/index.php?rest_route=\/wp\/v2\/types\/post"}],"author":[{"embeddable":true,"href":"https:\/\/bobvarela.com\/index.php?rest_route=\/wp\/v2\/users\/1"}],"replies":[{"embeddable":true,"href":"https:\/\/bobvarela.com\/index.php?rest_route=%2Fwp%2Fv2%2Fcomments&post=170657"}],"version-history":[{"count":1,"href":"https:\/\/bobvarela.com\/index.php?rest_route=\/wp\/v2\/posts\/170657\/revisions"}],"predecessor-version":[{"id":170658,"href":"https:\/\/bobvarela.com\/index.php?rest_route=\/wp\/v2\/posts\/170657\/revisions\/170658"}],"wp:attachment":[{"href":"https:\/\/bobvarela.com\/index.php?rest_route=%2Fwp%2Fv2%2Fmedia&parent=170657"}],"wp:term":[{"taxonomy":"category","embeddable":true,"href":"https:\/\/bobvarela.com\/index.php?rest_route=%2Fwp%2Fv2%2Fcategories&post=170657"},{"taxonomy":"post_tag","embeddable":true,"href":"https:\/\/bobvarela.com\/index.php?rest_route=%2Fwp%2Fv2%2Ftags&post=170657"}],"curies":[{"name":"wp","href":"https:\/\/api.w.org\/{rel}","templated":true}]}}