{"id":170659,"date":"2025-07-24T18:25:20","date_gmt":"2025-07-24T22:25:20","guid":{"rendered":"https:\/\/bobvarela.com\/?p=170659"},"modified":"2025-07-24T18:25:20","modified_gmt":"2025-07-24T22:25:20","slug":"san-juan-moda-anuncia-el-inicio-de-la-grabacion-de-los-documentales-carlota-alfaro-el-arte-de-vestir-a-un-pais","status":"publish","type":"post","link":"https:\/\/bobvarela.com\/?p=170659","title":{"rendered":"San Juan Moda anuncia el inicio de la grabaci\u00f3n de los documentales \u201cCarlota Alfaro, el Arte de Vestir a Un Pa\u00eds\u201d"},"content":{"rendered":"\n<figure class=\"wp-block-image size-large\"><a href=\"https:\/\/bobvarela.com\/wp-content\/uploads\/2025\/07\/7b67d3ce-9dd4-4d22-9e79-78d5968ebb0d.jpeg\"><img loading=\"lazy\" decoding=\"async\" width=\"1024\" height=\"683\" src=\"https:\/\/bobvarela.com\/wp-content\/uploads\/2025\/07\/7b67d3ce-9dd4-4d22-9e79-78d5968ebb0d-1024x683.jpeg\" alt=\"\" class=\"wp-image-170660\" srcset=\"https:\/\/bobvarela.com\/wp-content\/uploads\/2025\/07\/7b67d3ce-9dd4-4d22-9e79-78d5968ebb0d-1024x683.jpeg 1024w, https:\/\/bobvarela.com\/wp-content\/uploads\/2025\/07\/7b67d3ce-9dd4-4d22-9e79-78d5968ebb0d-300x200.jpeg 300w, https:\/\/bobvarela.com\/wp-content\/uploads\/2025\/07\/7b67d3ce-9dd4-4d22-9e79-78d5968ebb0d-768x512.jpeg 768w, https:\/\/bobvarela.com\/wp-content\/uploads\/2025\/07\/7b67d3ce-9dd4-4d22-9e79-78d5968ebb0d-560x373.jpeg 560w, https:\/\/bobvarela.com\/wp-content\/uploads\/2025\/07\/7b67d3ce-9dd4-4d22-9e79-78d5968ebb0d-260x173.jpeg 260w, https:\/\/bobvarela.com\/wp-content\/uploads\/2025\/07\/7b67d3ce-9dd4-4d22-9e79-78d5968ebb0d-160x107.jpeg 160w, https:\/\/bobvarela.com\/wp-content\/uploads\/2025\/07\/7b67d3ce-9dd4-4d22-9e79-78d5968ebb0d.jpeg 1438w\" sizes=\"auto, (max-width: 1024px) 100vw, 1024px\" \/><\/a><\/figure>\n\n\n\n<p class=\"has-text-align-left\">San Juan Moda, en alianza con el Puerto Rico Fashion History Council, anuncia con orgullo la producci\u00f3n simult\u00e1nea de dos documentales de gran valor hist\u00f3rico y cult9ural: \u201cCarlota Alfaro, el Arte de Vestir a un Pa\u00eds\u201d y \u201cProyecto J\u00edbaro Siglo XXI\u201d como parte de un esfuerzo por preservar y exaltar el legado cultural y de la moda de Puerto Rico.<\/p>\n\n\n\n<p>Ambos proyectos re\u00fanen a dise\u00f1adores locales e internacionales, figuras clave de la industria de la moda, l\u00edderes culturales y celebridades, en un esfuerzo por documentar y rendir homenaje a los s\u00edmbolos m\u00e1s poderosos de la identidad puertorrique\u00f1a: la moda como arte y el j\u00edbaro como emblema. <\/p>\n\n\n\n<p><strong>Documental \u201cCarlota Alfaro, el Arte de Vestir a un Pa\u00eds\u201d.<\/strong><\/p>\n\n\n\n<p>Una serie documental que retrata la vida \u00edntima y profesional de la gran dama de la moda puertorrique\u00f1a. Desde un hogar humilde hasta las pasarelas m\u00e1s prestigiosas del mundo, Carlota Alfaro hilvan\u00f3 su legado con hilos de pasi\u00f3n, dolor y elegancia. \u201cSin hilos de grandeza ha vestido a todo un pa\u00eds. Es sin duda alguna la figura m\u00e1s importante de la moda en nuestra historia. Su influencia en tantas generaciones de dise\u00f1adores la coloca como la dise\u00f1adora del Caribe. Nos honra ser parte de este proyecto que se ha venido trabajando y que ahora comenzamos a trazar. Carlota Alfaro ha sido nuestro motor y el pilar de una industria que sigue creciendo mientras ella sigue liderando\u201d, dijo Carlos Berm\u00fadez, presidente de San Juan Moda.<\/p>\n\n\n\n<p>Entre triunfos inolvidables como su ic\u00f3nico vestido Winter Dream, sus colaboraciones con artistas legendarios (Roc\u00edo Jurado, Aretha Franklin, Walter Mercado), y su rol como mentora de grandes del dise\u00f1o como David Antonio, Harry Robles, Sonia Rivera,  Eddie Guerrero entre otros, el documental tambi\u00e9n aborda las duras pruebas personales que enfrent\u00f3.<\/p>\n\n\n\n<p>M\u00e1s all\u00e1 de la moda, esta es una historia de resistencia, arte, ca\u00edda y renacer. De una mujer que form\u00f3 generaciones y que hoy, con m\u00e1s de 75 a\u00f1os de trayectoria, es s\u00edmbolo vivo de la dignidad puertorrique\u00f1a.Documental \u201c<strong>Proyecto J\u00edbaro Siglo XXI\u201d.<\/strong><\/p>\n\n\n\n<p>Un proyecto visual que honra las ra\u00edces de nuestra identidad nacional.<strong>\u201cProyecto J\u00edbaro Siglo XXI<\/strong>\u201d es un poderoso documental que narra la evoluci\u00f3n hist\u00f3rica, cultural y simb\u00f3lica del j\u00edbaro puertorrique\u00f1o, desde sus or\u00edgenes rurales hasta su presencia en la conciencia moderna.El filme documenta en detalle el proceso de creaci\u00f3n del traje representativo del j\u00edbaro, aprobado bajo la Ley 21, que lo reconoce oficialmente como parte del patrimonio cultural de la isla.<\/p>\n\n\n\n<p>\u201cEste documental representa un ejercicio de memoria y afirmaci\u00f3n cultural. La creaci\u00f3n del Traje Representativo de Puerto Rico es un testimonio del compromiso con nuestra historia, nuestros valores y nuestra identidad nacional.\u201d dijo Joseph Da&#8217;Ponte, presidente, Puerto Rican Fashion History Council.Desde la investigaci\u00f3n hist\u00f3rica hasta la confecci\u00f3n artesanal y su presentaci\u00f3n oficial, este documental ofrece un viaje \u00edntimo y profundo por cada etapa del proyecto. Con entrevistas a historiadores, dise\u00f1adores y l\u00edderes culturales, es una declaraci\u00f3n de orgullo nacional, un homenaje a la resistencia y belleza del j\u00edbaro como s\u00edmbolo eterno de nuestra cultura.Un legado filmado para futuras generacionesAmbos documentales se encuentran en el inicio  de grabaci\u00f3n y ser\u00e1n presentados pr\u00f3ximamente al p\u00fablico general a trav\u00e9s de plataformas que ser\u00e1n anunciadas m\u00e1s adelante. <\/p>\n\n\n\n<p>Estos proyectos forman parte del compromiso de San Juan Moda y el Puerto Rican Fashion History Council con la documentaci\u00f3n, educaci\u00f3n y celebraci\u00f3n de nuestras figuras culturales y nuestros s\u00edmbolos de identidad.\u201d y \u201cProyecto J\u00edbaro Siglo XXI\u201d. Ambos proyectos re\u00fanen a dise\u00f1adores locales e internacionales, figuras clave de la industria de la moda, l\u00edderes culturales y celebridades, en un esfuerzo por documentar y rendir homenaje a los s\u00edmbolos m\u00e1s poderosos de la identidad puertorrique\u00f1a: la moda como arte y el j\u00edbaro como emblema.<\/p>\n","protected":false},"excerpt":{"rendered":"<p>San Juan Moda, en alianza con el Puerto Rico Fashion History Council, anuncia con orgullo la producci\u00f3n simult\u00e1nea de dos documentales de gran valor hist\u00f3rico y cult9ural: \u201cCarlota Alfaro, el Arte de Vestir a un Pa\u00eds\u201d y \u201cProyecto J\u00edbaro Siglo&hellip;<\/p>\n<p class=\"more-link-p\"><a class=\"more-link\" href=\"https:\/\/bobvarela.com\/?p=170659\">Read more &rarr;<\/a><\/p>\n","protected":false},"author":1,"featured_media":0,"comment_status":"open","ping_status":"open","sticky":false,"template":"","format":"standard","meta":{"ngg_post_thumbnail":0,"footnotes":""},"categories":[4,295],"tags":[],"class_list":["post-170659","post","type-post","status-publish","format-standard","hentry","category-moda","category-puerto-rico"],"_links":{"self":[{"href":"https:\/\/bobvarela.com\/index.php?rest_route=\/wp\/v2\/posts\/170659","targetHints":{"allow":["GET"]}}],"collection":[{"href":"https:\/\/bobvarela.com\/index.php?rest_route=\/wp\/v2\/posts"}],"about":[{"href":"https:\/\/bobvarela.com\/index.php?rest_route=\/wp\/v2\/types\/post"}],"author":[{"embeddable":true,"href":"https:\/\/bobvarela.com\/index.php?rest_route=\/wp\/v2\/users\/1"}],"replies":[{"embeddable":true,"href":"https:\/\/bobvarela.com\/index.php?rest_route=%2Fwp%2Fv2%2Fcomments&post=170659"}],"version-history":[{"count":1,"href":"https:\/\/bobvarela.com\/index.php?rest_route=\/wp\/v2\/posts\/170659\/revisions"}],"predecessor-version":[{"id":170661,"href":"https:\/\/bobvarela.com\/index.php?rest_route=\/wp\/v2\/posts\/170659\/revisions\/170661"}],"wp:attachment":[{"href":"https:\/\/bobvarela.com\/index.php?rest_route=%2Fwp%2Fv2%2Fmedia&parent=170659"}],"wp:term":[{"taxonomy":"category","embeddable":true,"href":"https:\/\/bobvarela.com\/index.php?rest_route=%2Fwp%2Fv2%2Fcategories&post=170659"},{"taxonomy":"post_tag","embeddable":true,"href":"https:\/\/bobvarela.com\/index.php?rest_route=%2Fwp%2Fv2%2Ftags&post=170659"}],"curies":[{"name":"wp","href":"https:\/\/api.w.org\/{rel}","templated":true}]}}