{"id":170704,"date":"2025-07-25T16:24:04","date_gmt":"2025-07-25T20:24:04","guid":{"rendered":"https:\/\/bobvarela.com\/?p=170704"},"modified":"2025-07-25T16:24:04","modified_gmt":"2025-07-25T20:24:04","slug":"jennifer-fungenzi-lanza-su-5ta-lnea-de-pestaas-con-doble-propsito-social-miradas-que-inspiran","status":"publish","type":"post","link":"https:\/\/bobvarela.com\/?p=170704","title":{"rendered":"Jennifer Fungenzi lanza su 5ta l&iacute;nea de pesta&ntilde;as con doble prop&oacute;sito social: &ldquo;Miradas que Inspiran&rdquo;"},"content":{"rendered":"<p align=\"center\"><a href=\"https:\/\/bobvarela.com\/wp-content\/uploads\/2025\/07\/IMG_0005.jpg\"><img loading=\"lazy\" decoding=\"async\" width=\"299\" height=\"238\" title=\"IMG_0005\" style=\"display: inline; background-image: none;\" alt=\"IMG_0005\" src=\"https:\/\/bobvarela.com\/wp-content\/uploads\/2025\/07\/IMG_0005_thumb.jpg\" border=\"0\"\/><\/a><a href=\"https:\/\/bobvarela.com\/wp-content\/uploads\/2025\/07\/IMG_0515.jpg\"><img loading=\"lazy\" decoding=\"async\" width=\"244\" height=\"408\" title=\"IMG_0515\" style=\"display: inline; background-image: none;\" alt=\"IMG_0515\" src=\"https:\/\/bobvarela.com\/wp-content\/uploads\/2025\/07\/IMG_0515_thumb.jpg\" border=\"0\"\/><\/a><\/p>\n<p align=\"center\"><\/p>\n<p align=\"justify\"><font size=\"3\">La reconocida influencer, modelo y presentadora de televisi\u00f3n Jennifer Fungenzi regresa con un nuevo impacto al anunciar el lanzamiento de su 5ta l\u00ednea de pesta\u00f1as titulada \u201cMiradas que Inspiran\u201d; una colecci\u00f3n que no solo celebra la belleza femenina, sino que lleva esperanza a las poblaciones m\u00e1s vulnerables.<\/font><\/p>\n<p align=\"center\"><font size=\"3\"><a href=\"https:\/\/bobvarela.com\/wp-content\/uploads\/2025\/07\/IMG_0166.jpg\"><img loading=\"lazy\" decoding=\"async\" width=\"249\" height=\"176\" title=\"IMG_0166\" style=\"display: inline; background-image: none;\" alt=\"IMG_0166\" src=\"https:\/\/bobvarela.com\/wp-content\/uploads\/2025\/07\/IMG_0166_thumb.jpg\" border=\"0\"\/><\/a><a href=\"https:\/\/bobvarela.com\/wp-content\/uploads\/2025\/07\/IMG_0569.jpg\"><img loading=\"lazy\" decoding=\"async\" width=\"226\" height=\"179\" title=\"IMG_0569\" style=\"display: inline; background-image: none;\" alt=\"IMG_0569\" src=\"https:\/\/bobvarela.com\/wp-content\/uploads\/2025\/07\/IMG_0569_thumb.jpg\" border=\"0\"\/><\/a><a href=\"https:\/\/bobvarela.com\/wp-content\/uploads\/2025\/07\/IMG_0175.jpg\"><img loading=\"lazy\" decoding=\"async\" width=\"244\" height=\"180\" title=\"IMG_0175\" style=\"margin: 0px; display: inline; background-image: none;\" alt=\"IMG_0175\" src=\"https:\/\/bobvarela.com\/wp-content\/uploads\/2025\/07\/IMG_0175_thumb.jpg\" border=\"0\"\/><\/a><\/font><\/p>\n<p><font size=\"3\"><\/p>\n<p align=\"justify\"><font size=\"3\">Este evento de lanzamiento se llevo a cabo el 24 de julio de 2025 en el redise\u00f1ado Parque de las Ciencias by Toroverde powered by Claro, con una experiencia VIP que incluyo un \u201cbeauty station\u201d con maquillistas profesionales, espacios de \u201cphoto opportunity\u201d acceso exclusivo a la colecci\u00f3n, y una invitaci\u00f3n abierta a todos aquellos que deseen unirse a esta causa con prop\u00f3sito.<\/font><\/p>\n<p><\/font><font size=\"3\"><\/p>\n<p align=\"justify\"><font size=\"3\">Adem\u00e1s de embellecer miradas, el proyecto tiene un doble impacto. El diez porciento (10%) de las ventas ser\u00e1 donado a la Fundaci\u00f3n Alegrando Corazones, organizaci\u00f3n que ha logrado impactar a m\u00e1s de 5,000 personas en Puerto Rico. Entre sus logros, la fundaci\u00f3n ha realizado los siguientes esfuerzos:<br \/>\n\u00b7&nbsp;&nbsp;&nbsp;&nbsp;&nbsp;&nbsp; Brindando asistencia directa a mujeres, ni\u00f1os y envejecientes con productos de primera necesidad.<br \/>\n\u00b7&nbsp;&nbsp;&nbsp;&nbsp;&nbsp;&nbsp; Llevado esperanza a hospitales y centros de envejecientes con actividades, regalos y compa\u00f1\u00eda.<br \/>\n\u00b7&nbsp;&nbsp;&nbsp;&nbsp;&nbsp;&nbsp; Impactado a m\u00e1s de 300 mujeres en las c\u00e1rceles, ofreciendo apoyo emocional, talleres y donaciones.<br \/>\n\u00b7&nbsp;&nbsp;&nbsp;&nbsp;&nbsp;&nbsp; Ofreciendo ayuda a familias afectadas por huracanes, con brigadas y entrega de recursos esenciales.<\/font><\/p>\n<p align=\"center\"><a href=\"https:\/\/bobvarela.com\/wp-content\/uploads\/2025\/07\/IMG_0242.jpg\"><img loading=\"lazy\" decoding=\"async\" width=\"206\" height=\"169\" title=\"IMG_0242\" style=\"display: inline; background-image: none;\" alt=\"IMG_0242\" src=\"https:\/\/bobvarela.com\/wp-content\/uploads\/2025\/07\/IMG_0242_thumb.jpg\" border=\"0\"\/><\/a><a href=\"https:\/\/bobvarela.com\/wp-content\/uploads\/2025\/07\/IMG_0501.jpg\"><img loading=\"lazy\" decoding=\"async\" width=\"249\" height=\"168\" title=\"IMG_0501\" style=\"display: inline; background-image: none;\" alt=\"IMG_0501\" src=\"https:\/\/bobvarela.com\/wp-content\/uploads\/2025\/07\/IMG_0501_thumb.jpg\" border=\"0\"\/><\/a><a href=\"https:\/\/bobvarela.com\/wp-content\/uploads\/2025\/07\/IMG_0575.jpg\"><img loading=\"lazy\" decoding=\"async\" width=\"245\" height=\"165\" title=\"IMG_0575\" style=\"display: inline; background-image: none;\" alt=\"IMG_0575\" src=\"https:\/\/bobvarela.com\/wp-content\/uploads\/2025\/07\/IMG_0575_thumb.jpg\" border=\"0\"\/><\/a><\/p>\n<p><\/font><font size=\"3\"><\/p>\n<p align=\"justify\"><font size=\"3\">Durante la semana de regreso a clases, la Fundaci\u00f3n \u2014junto al equipo de Jennifer\u2014 continuar\u00e1 su labor visitando instituciones para llevar alegr\u00eda, embellecer espacios y ofrecer experiencias educativas con profesionales del \u00e1rea de la belleza.<\/font><\/p>\n<p><\/font><font size=\"3\"><\/p>\n<p align=\"justify\"><font size=\"3\">\u201cDesde ni\u00f1a llevo esta misi\u00f3n en mi coraz\u00f3n. Hoy se materializa una vez m\u00e1s con una iniciativa que transforma belleza en solidaridad. Cada caja de pesta\u00f1as vendida es una mirada que inspira, pero tambi\u00e9n es una oportunidad para cambiar una vida. Esta vez no solo embellecemos, tambi\u00e9n educamos e inspiramos\u201d, expres\u00f3 Jennifer Fugenzi.<\/font><\/p>\n<p align=\"center\"><a href=\"https:\/\/bobvarela.com\/wp-content\/uploads\/2025\/07\/IMG_0715.jpg\"><img loading=\"lazy\" decoding=\"async\" width=\"332\" height=\"240\" title=\"IMG_0715\" style=\"display: inline; background-image: none;\" alt=\"IMG_0715\" src=\"https:\/\/bobvarela.com\/wp-content\/uploads\/2025\/07\/IMG_0715_thumb.jpg\" border=\"0\"\/><\/a><a href=\"https:\/\/bobvarela.com\/wp-content\/uploads\/2025\/07\/IMG_0490.jpg\"><img loading=\"lazy\" decoding=\"async\" width=\"223\" height=\"244\" title=\"IMG_0490\" style=\"margin: 0px; display: inline; background-image: none;\" alt=\"IMG_0490\" src=\"https:\/\/bobvarela.com\/wp-content\/uploads\/2025\/07\/IMG_0490_thumb.jpg\" border=\"0\"\/><\/a><\/p>\n<p><\/font><font size=\"3\"><\/p>\n<p align=\"justify\"><font size=\"3\"><br \/>\n<\/font><font size=\"3\">La colecci\u00f3n estar\u00e1 disponible a trav\u00e9s de la red de distribuci\u00f3n \u201cEmprendedores que Inspiran\u201d, una plataforma creada para apoyar el comercio local con prop\u00f3sito. Quienes deseen formar parte de esta red, adquirir los productos al por mayor o al detal y realizar su donativo pueden registrarse en el siguiente enlace: <\/font><a href=\"https:\/\/tinyurl.com\/miradasqueinspiran\"><font size=\"3\">https:\/\/tinyurl.com\/miradasqueinspiran<\/font><\/a><\/p>\n<p><\/font><font size=\"3\"><\/p>\n<p align=\"justify\"><font size=\"3\">\u201cMiradas que Inspiran\u201d reafirma que cuando una mujer decide verse bien y hacer el bien, se convierte en fuerza transformadora para su comunidad.<\/font><\/p>\n<p align=\"center\"><a href=\"https:\/\/bobvarela.com\/wp-content\/uploads\/2025\/07\/IMG_0016.jpg\"><img loading=\"lazy\" decoding=\"async\" width=\"244\" height=\"164\" title=\"IMG_0016\" style=\"margin: 0px; display: inline; background-image: none;\" alt=\"IMG_0016\" src=\"https:\/\/bobvarela.com\/wp-content\/uploads\/2025\/07\/IMG_0016_thumb.jpg\" border=\"0\"\/><\/a><a href=\"https:\/\/bobvarela.com\/wp-content\/uploads\/2025\/07\/IMG_0021.jpg\"><img loading=\"lazy\" decoding=\"async\" width=\"244\" height=\"164\" title=\"IMG_0021\" style=\"margin: 0px; display: inline; background-image: none;\" alt=\"IMG_0021\" src=\"https:\/\/bobvarela.com\/wp-content\/uploads\/2025\/07\/IMG_0021_thumb.jpg\" border=\"0\"\/><\/a><a href=\"https:\/\/bobvarela.com\/wp-content\/uploads\/2025\/07\/IMG_0583.jpg\"><img loading=\"lazy\" decoding=\"async\" width=\"190\" height=\"170\" title=\"IMG_0583\" style=\"display: inline; background-image: none;\" alt=\"IMG_0583\" src=\"https:\/\/bobvarela.com\/wp-content\/uploads\/2025\/07\/IMG_0583_thumb.jpg\" border=\"0\"\/><\/a><a href=\"https:\/\/bobvarela.com\/wp-content\/uploads\/2025\/07\/IMG_0611.jpg\"><img loading=\"lazy\" decoding=\"async\" width=\"158\" height=\"244\" title=\"IMG_0611\" style=\"margin: 0px; display: inline; background-image: none;\" alt=\"IMG_0611\" src=\"https:\/\/bobvarela.com\/wp-content\/uploads\/2025\/07\/IMG_0611_thumb.jpg\" border=\"0\"\/><\/a><a href=\"https:\/\/bobvarela.com\/wp-content\/uploads\/2025\/07\/IMG_0621.jpg\"><img loading=\"lazy\" decoding=\"async\" width=\"206\" height=\"244\" title=\"IMG_0621\" style=\"margin: 0px; display: inline; background-image: none;\" alt=\"IMG_0621\" src=\"https:\/\/bobvarela.com\/wp-content\/uploads\/2025\/07\/IMG_0621_thumb.jpg\" border=\"0\"\/><\/a><a href=\"https:\/\/bobvarela.com\/wp-content\/uploads\/2025\/07\/IMG_0638.jpg\"><img loading=\"lazy\" decoding=\"async\" width=\"244\" height=\"241\" title=\"IMG_0638\" style=\"margin: 0px; display: inline; background-image: none;\" alt=\"IMG_0638\" src=\"https:\/\/bobvarela.com\/wp-content\/uploads\/2025\/07\/IMG_0638_thumb.jpg\" border=\"0\"\/><\/a><a href=\"https:\/\/bobvarela.com\/wp-content\/uploads\/2025\/07\/IMG_0649.jpg\"><img loading=\"lazy\" decoding=\"async\" width=\"194\" height=\"244\" title=\"IMG_0649\" style=\"margin: 0px; display: inline; background-image: none;\" alt=\"IMG_0649\" src=\"https:\/\/bobvarela.com\/wp-content\/uploads\/2025\/07\/IMG_0649_thumb.jpg\" border=\"0\"\/><\/a><a href=\"https:\/\/bobvarela.com\/wp-content\/uploads\/2025\/07\/IMG_0656.jpg\"><img loading=\"lazy\" decoding=\"async\" width=\"206\" height=\"244\" title=\"IMG_0656\" style=\"margin: 0px; display: inline; background-image: none;\" alt=\"IMG_0656\" src=\"https:\/\/bobvarela.com\/wp-content\/uploads\/2025\/07\/IMG_0656_thumb.jpg\" border=\"0\"\/><\/a><a href=\"https:\/\/bobvarela.com\/wp-content\/uploads\/2025\/07\/IMG_0666.jpg\"><img loading=\"lazy\" decoding=\"async\" width=\"156\" height=\"244\" title=\"IMG_0666\" style=\"margin: 0px; display: inline; background-image: none;\" alt=\"IMG_0666\" src=\"https:\/\/bobvarela.com\/wp-content\/uploads\/2025\/07\/IMG_0666_thumb.jpg\" border=\"0\"\/><\/a><a href=\"https:\/\/bobvarela.com\/wp-content\/uploads\/2025\/07\/IMG_0727.jpg\"><img loading=\"lazy\" decoding=\"async\" width=\"205\" height=\"244\" title=\"IMG_0727\" style=\"display: inline; background-image: none;\" alt=\"IMG_0727\" src=\"https:\/\/bobvarela.com\/wp-content\/uploads\/2025\/07\/IMG_0727_thumb.jpg\" border=\"0\"\/><\/a><a href=\"https:\/\/bobvarela.com\/wp-content\/uploads\/2025\/07\/IMG_0740.jpg\"><img loading=\"lazy\" decoding=\"async\" width=\"345\" height=\"232\" title=\"IMG_0740\" style=\"display: inline; background-image: none;\" alt=\"IMG_0740\" src=\"https:\/\/bobvarela.com\/wp-content\/uploads\/2025\/07\/IMG_0740_thumb.jpg\" border=\"0\"\/><\/a><\/p>\n<p><\/font><\/p>\n","protected":false},"excerpt":{"rendered":"<p>La reconocida influencer, modelo y presentadora de televisi\u00f3n Jennifer Fungenzi regresa con un nuevo impacto al anunciar el lanzamiento de su 5ta l\u00ednea de pesta\u00f1as titulada \u201cMiradas que Inspiran\u201d; una colecci\u00f3n que no solo celebra la belleza femenina, sino que&hellip;<\/p>\n<p class=\"more-link-p\"><a class=\"more-link\" href=\"https:\/\/bobvarela.com\/?p=170704\">Read more &rarr;<\/a><\/p>\n","protected":false},"author":1,"featured_media":0,"comment_status":"open","ping_status":"open","sticky":false,"template":"","format":"standard","meta":{"ngg_post_thumbnail":0,"footnotes":""},"categories":[4,295],"tags":[],"class_list":["post-170704","post","type-post","status-publish","format-standard","hentry","category-moda","category-puerto-rico"],"_links":{"self":[{"href":"https:\/\/bobvarela.com\/index.php?rest_route=\/wp\/v2\/posts\/170704","targetHints":{"allow":["GET"]}}],"collection":[{"href":"https:\/\/bobvarela.com\/index.php?rest_route=\/wp\/v2\/posts"}],"about":[{"href":"https:\/\/bobvarela.com\/index.php?rest_route=\/wp\/v2\/types\/post"}],"author":[{"embeddable":true,"href":"https:\/\/bobvarela.com\/index.php?rest_route=\/wp\/v2\/users\/1"}],"replies":[{"embeddable":true,"href":"https:\/\/bobvarela.com\/index.php?rest_route=%2Fwp%2Fv2%2Fcomments&post=170704"}],"version-history":[{"count":1,"href":"https:\/\/bobvarela.com\/index.php?rest_route=\/wp\/v2\/posts\/170704\/revisions"}],"predecessor-version":[{"id":170705,"href":"https:\/\/bobvarela.com\/index.php?rest_route=\/wp\/v2\/posts\/170704\/revisions\/170705"}],"wp:attachment":[{"href":"https:\/\/bobvarela.com\/index.php?rest_route=%2Fwp%2Fv2%2Fmedia&parent=170704"}],"wp:term":[{"taxonomy":"category","embeddable":true,"href":"https:\/\/bobvarela.com\/index.php?rest_route=%2Fwp%2Fv2%2Fcategories&post=170704"},{"taxonomy":"post_tag","embeddable":true,"href":"https:\/\/bobvarela.com\/index.php?rest_route=%2Fwp%2Fv2%2Ftags&post=170704"}],"curies":[{"name":"wp","href":"https:\/\/api.w.org\/{rel}","templated":true}]}}