{"id":170869,"date":"2025-07-28T09:54:17","date_gmt":"2025-07-28T13:54:17","guid":{"rendered":"https:\/\/bobvarela.com\/?p=170869"},"modified":"2025-07-28T09:54:17","modified_gmt":"2025-07-28T13:54:17","slug":"desfile-de-moda-ottolinger-primavera-verano-2026","status":"publish","type":"post","link":"https:\/\/bobvarela.com\/?p=170869","title":{"rendered":"Desfile de moda Ottolinger Primavera Verano 2026"},"content":{"rendered":"<p align=\"justify\"><font size=\"3\">El tan esperado regreso a casa de Ottolinger se desarroll\u00f3 en la Semana de la Moda de Berl\u00edn con el tipo de energ\u00eda de alto impacto que solo diez a\u00f1os de lealtad subcultural y moda direccional pueden producir. Las dise\u00f1adoras Christa B\u00f6sch y Cosima Gadient, nacidas en Suiza pero afincada en Berl\u00edn, celebraron el 10\u00ba aniversario de su marca presentando su colecci\u00f3n Primavera\/Verano 2026 en su ciudad adoptiva por primera vez. Organizado en el Palais am Funkturm como acto de clausura de Intervention, un d\u00eda de espect\u00e1culos comisariados por Reference Studios, el evento fue tanto una celebraci\u00f3n de la comunidad creativa local como del lenguaje visual distintivo de Ottolinger.<\/font><\/p>\n<p align=\"justify\"><font size=\"3\">En el estilo caracter\u00edstico de Ottolinger, el espect\u00e1culo se abri\u00f3 con una inmediatez audaz. El debut en la pasarela de Kim Petras marc\u00f3 la pauta: cin\u00e9tico, escult\u00f3rico e irreverentemente futurista. Vestida con prendas de punto cortas y tambale\u00e1ndose sobre plataformas exageradas de estilo chopine curvado, era el avatar perfecto para una colecci\u00f3n arraigada en la feminidad cruda y la confianza generacional.<\/font><\/p>\n<p align=\"justify\"><font size=\"3\">La alineaci\u00f3n Primavera\/Verano 2026 fue una cristalizaci\u00f3n del esp\u00edritu de Ottolinger: una fusi\u00f3n de frescura sin pulir, complejidad artesanal y borde urbano. Su ADN creativo (mezclilla de alto concepto, textiles desgastados y sastrer\u00eda deformada) se adentr\u00f3 a\u00fan m\u00e1s en una fantas\u00eda liberada, casi pastoral. Las faldas ondulantes, aparentemente reutilizadas de los anoraks, flotaban junto a blusas de cuero resistentes y prendas de abrigo h\u00edbridas que desdibujaban la l\u00ednea entre el equipo utilitario y los restos posteriores a la rave. Una sensaci\u00f3n de movilidad, f\u00edsica, emocional e incluso espiritual, se tej\u00eda en todas las prendas.<\/font><\/p>\n<p align=\"justify\"><font size=\"3\">Tambi\u00e9n hubo un abrazo inconfundible de la hermandad, encarnada tanto en el tema como en la forma. Los tejidos de punto de gran tama\u00f1o remendados en hilos contrastantes, las blusas cortas que revelaban en lugar de ocultar y los trajes cortados suger\u00edan una especie de armadura colectiva para mujeres j\u00f3venes y mujeres que navegaban por un mundo desordenado. La ropa de Ottolinger a menudo se describe como deconstruida, pero tambi\u00e9n son actos de construcci\u00f3n: de identidad, solidaridad y desaf\u00edo l\u00fadico.<\/font><\/p>\n<p align=\"justify\"><font size=\"3\">Esta temporada se apoy\u00f3 en gran medida en la textura y el tacto. Los cueros desgastados, la malla fruncida y los elementos tejidos a mano brindaban una sensaci\u00f3n de intimidad f\u00edsica. Los accesorios llevaban esa misma sensibilidad futurista y hecha a mano: bolsos de hombro de gran tama\u00f1o colgaban de correas con tachuelas en forma de cintur\u00f3n, insinuando un enfoque punk de la funcionalidad.<\/font><\/p>\n<p align=\"justify\"><font size=\"3\">Un punto culminante notable, y un adelanto para 2026, fue el debut de la pr\u00f3xima colaboraci\u00f3n de Ottolinger con Nike. Si bien los detalles siguen siendo limitados, los primeros vistazos incluyeron sujetadores microdeportivos y trajes cortados con el ic\u00f3nico swoosh, inyectados con la energ\u00eda poco ortodoxa de Ottolinger. La asociaci\u00f3n atl\u00e9tica se siente como una evoluci\u00f3n natural para la marca, cuyas ra\u00edces deportivas a menudo se difuminan a la perfecci\u00f3n con declaraciones conceptuales de pasarela.<\/font><\/p>\n<p align=\"justify\"><font size=\"3\">Como \u00faltimo espect\u00e1culo del d\u00eda, el regreso de Ottolinger a Berl\u00edn fue reflexivo y orientado hacia el futuro. Reafirm\u00f3 su lugar no solo como un elemento fijo de la escena creativa de Berl\u00edn, sino como l\u00edderes de un movimiento de dise\u00f1o que contin\u00faa resonando a nivel mundial, uno construido sobre la libertad, la imperfecci\u00f3n y una visi\u00f3n ferozmente personal de la belleza.<\/font><\/p>\n<p align=\"justify\"><ins><font size=\"3\"><\/font><\/ins><\/p>\n<p><ins><\/ins><\/p>\n<p align=\"justify\"><font size=\"3\">Al reclamar su territorio natal con tanta claridad y convicci\u00f3n, Ottolinger lo dej\u00f3 claro: el futuro de la moda no solo pertenece a las capitales globales, sino que prospera dondequiera que los artistas est\u00e9n arraigados. Y en Berl\u00edn, est\u00e1n profunda e indeleblemente arraigados.<\/font><\/p>\n<p align=\"justify\"><ins><\/ins><font size=\"3\">ngg_shortcode_0_placeholder<\/font><\/p>\n<p align=\"justify\"><ins><font size=\"3\"><\/font><\/ins><\/p>\n<p><ins><\/ins><\/p>\n<p align=\"justify\"><font size=\"3\"><\/font><\/p>\n","protected":false},"excerpt":{"rendered":"<p>El tan esperado regreso a casa de Ottolinger se desarroll\u00f3 en la Semana de la Moda de Berl\u00edn con el tipo de energ\u00eda de alto impacto que solo diez a\u00f1os de lealtad subcultural y moda direccional pueden producir. Las dise\u00f1adoras&hellip;<\/p>\n<p class=\"more-link-p\"><a class=\"more-link\" href=\"https:\/\/bobvarela.com\/?p=170869\">Read more &rarr;<\/a><\/p>\n","protected":false},"author":1,"featured_media":0,"comment_status":"open","ping_status":"open","sticky":false,"template":"","format":"standard","meta":{"ngg_post_thumbnail":0,"footnotes":""},"categories":[4],"tags":[],"class_list":["post-170869","post","type-post","status-publish","format-standard","hentry","category-moda"],"_links":{"self":[{"href":"https:\/\/bobvarela.com\/index.php?rest_route=\/wp\/v2\/posts\/170869","targetHints":{"allow":["GET"]}}],"collection":[{"href":"https:\/\/bobvarela.com\/index.php?rest_route=\/wp\/v2\/posts"}],"about":[{"href":"https:\/\/bobvarela.com\/index.php?rest_route=\/wp\/v2\/types\/post"}],"author":[{"embeddable":true,"href":"https:\/\/bobvarela.com\/index.php?rest_route=\/wp\/v2\/users\/1"}],"replies":[{"embeddable":true,"href":"https:\/\/bobvarela.com\/index.php?rest_route=%2Fwp%2Fv2%2Fcomments&post=170869"}],"version-history":[{"count":1,"href":"https:\/\/bobvarela.com\/index.php?rest_route=\/wp\/v2\/posts\/170869\/revisions"}],"predecessor-version":[{"id":170870,"href":"https:\/\/bobvarela.com\/index.php?rest_route=\/wp\/v2\/posts\/170869\/revisions\/170870"}],"wp:attachment":[{"href":"https:\/\/bobvarela.com\/index.php?rest_route=%2Fwp%2Fv2%2Fmedia&parent=170869"}],"wp:term":[{"taxonomy":"category","embeddable":true,"href":"https:\/\/bobvarela.com\/index.php?rest_route=%2Fwp%2Fv2%2Fcategories&post=170869"},{"taxonomy":"post_tag","embeddable":true,"href":"https:\/\/bobvarela.com\/index.php?rest_route=%2Fwp%2Fv2%2Ftags&post=170869"}],"curies":[{"name":"wp","href":"https:\/\/api.w.org\/{rel}","templated":true}]}}