{"id":170912,"date":"2025-07-31T09:40:33","date_gmt":"2025-07-31T13:40:33","guid":{"rendered":"https:\/\/bobvarela.com\/?p=170912"},"modified":"2025-07-31T09:40:33","modified_gmt":"2025-07-31T13:40:33","slug":"orquesta-sinfnica-de-puerto-rico-presenta-los-miembros-del-comit-de-su-segunda-gala-anual","status":"publish","type":"post","link":"https:\/\/bobvarela.com\/?p=170912","title":{"rendered":"Orquesta Sinf&oacute;nica de Puerto Rico presenta los miembros del comit&eacute; de su segunda Gala Anual"},"content":{"rendered":"<p align=\"center\"><font size=\"3\"><a href=\"https:\/\/bobvarela.com\/wp-content\/uploads\/2025\/07\/Gala_Comite2025b.jpg\"><img loading=\"lazy\" decoding=\"async\" width=\"603\" height=\"404\" title=\"Gala_Comite2025b\" style=\"display: inline; background-image: none;\" alt=\"Gala_Comite2025b\" src=\"https:\/\/bobvarela.com\/wp-content\/uploads\/2025\/07\/Gala_Comite2025b_thumb.jpg\" border=\"0\"\/><\/a><\/font><\/p>\n<p align=\"justify\"><font size=\"3\">La Orquesta Sinf\u00f3nica de Puerto Rico (OSPR) present\u00f3 a los distinguidos miembros del comit\u00e9 organizador de su Gala Anual a beneficio de la Orquesta Sinf\u00f3nica de Puerto Rico, cuya segunda edici\u00f3n se celebrar\u00e1 el s\u00e1bado, 6 de septiembre, en el Fairmont El San Juan Hotel en Isla Verde.<\/font><\/p>\n<p align=\"justify\"><font size=\"3\">El comit\u00e9 est\u00e1 compuesto por profesionales de diversas disciplinas que se distinguen por su visi\u00f3n, pasi\u00f3n y compromiso con las artes en Puerto Rico. Ellos son: Melissa Santana, directora ejecutiva de la Corporaci\u00f3n de Artes Musicales; Leonardo Cordero, dise\u00f1ador y empresario; Ana Mellado, abogada y empresaria; Viviana Mercado, figura clave en la gesti\u00f3n de asuntos corporativos en el sector privado; Andr\u00e9s Ram\u00edrez, ejecutivo l\u00edder en la industria televisiva puertorrique\u00f1a; Julio Vergne, empresario; Liliana Albizu, coordinadora de eventos; y Celina Nogueras, empresaria, publicista e influencer.<\/font><\/p>\n<p align=\"center\"><font size=\"3\"><a href=\"https:\/\/bobvarela.com\/wp-content\/uploads\/2025\/07\/Gala_CelinaNogueras.jpg\"><img loading=\"lazy\" decoding=\"async\" width=\"164\" height=\"244\" title=\"Gala_CelinaNogueras\" style=\"margin: 0px; display: inline; background-image: none;\" alt=\"Gala_CelinaNogueras\" src=\"https:\/\/bobvarela.com\/wp-content\/uploads\/2025\/07\/Gala_CelinaNogueras_thumb.jpg\" border=\"0\"\/><\/a><a href=\"https:\/\/bobvarela.com\/wp-content\/uploads\/2025\/07\/Gala_JulioVergne.jpg\"><img loading=\"lazy\" decoding=\"async\" width=\"164\" height=\"244\" title=\"Gala_JulioVergne\" style=\"margin: 0px; display: inline; background-image: none;\" alt=\"Gala_JulioVergne\" src=\"https:\/\/bobvarela.com\/wp-content\/uploads\/2025\/07\/Gala_JulioVergne_thumb.jpg\" border=\"0\"\/><\/a><a href=\"https:\/\/bobvarela.com\/wp-content\/uploads\/2025\/07\/Gala_LeonardoCordero.jpg\"><img loading=\"lazy\" decoding=\"async\" width=\"164\" height=\"244\" title=\"Gala_LeonardoCordero\" style=\"margin: 0px; display: inline; background-image: none;\" alt=\"Gala_LeonardoCordero\" src=\"https:\/\/bobvarela.com\/wp-content\/uploads\/2025\/07\/Gala_LeonardoCordero_thumb.jpg\" border=\"0\"\/><\/a><a href=\"https:\/\/bobvarela.com\/wp-content\/uploads\/2025\/07\/Gala_VivianaMercado.jpg\"><img loading=\"lazy\" decoding=\"async\" width=\"164\" height=\"244\" title=\"Gala_VivianaMercado\" style=\"margin: 0px; display: inline; background-image: none;\" alt=\"Gala_VivianaMercado\" src=\"https:\/\/bobvarela.com\/wp-content\/uploads\/2025\/07\/Gala_VivianaMercado_thumb.jpg\" border=\"0\"\/><\/a><a href=\"https:\/\/bobvarela.com\/wp-content\/uploads\/2025\/07\/GalaComite_MelissaSantana.jpg\"><img loading=\"lazy\" decoding=\"async\" width=\"164\" height=\"244\" title=\"GalaComite_MelissaSantana\" style=\"margin: 0px; display: inline; background-image: none;\" alt=\"GalaComite_MelissaSantana\" src=\"https:\/\/bobvarela.com\/wp-content\/uploads\/2025\/07\/GalaComite_MelissaSantana_thumb.jpg\" border=\"0\"\/><\/a><a href=\"https:\/\/bobvarela.com\/wp-content\/uploads\/2025\/07\/Gala_AnaMellado.jpg\"><img loading=\"lazy\" decoding=\"async\" width=\"164\" height=\"244\" title=\"Gala_AnaMellado\" style=\"margin: 0px; display: inline; background-image: none;\" alt=\"Gala_AnaMellado\" src=\"https:\/\/bobvarela.com\/wp-content\/uploads\/2025\/07\/Gala_AnaMellado_thumb.jpg\" border=\"0\"\/><\/a><a href=\"https:\/\/bobvarela.com\/wp-content\/uploads\/2025\/07\/Gala_AndresRamirez.jpg\"><img loading=\"lazy\" decoding=\"async\" width=\"164\" height=\"244\" title=\"Gala_AndresRamirez\" style=\"display: inline; background-image: none;\" alt=\"Gala_AndresRamirez\" src=\"https:\/\/bobvarela.com\/wp-content\/uploads\/2025\/07\/Gala_AndresRamirez_thumb.jpg\" border=\"0\"\/><\/a><\/font><\/p>\n<p><font size=\"3\"><\/font><\/p>\n<p align=\"justify\"><font size=\"3\">El prop\u00f3sito principal del comit\u00e9 es recaudar fondos para fortalecer los programas educativos de la OSPR. Cada aportaci\u00f3n realizada a trav\u00e9s de la gala contribuye a iniciativas esenciales, como la expansi\u00f3n de programas para j\u00f3venes, el fortalecimiento de la continuidad y autosustentabilidad de la orquesta, el aumento de la programaci\u00f3n gratuita en municipios del archipi\u00e9lago y la promoci\u00f3n del legado de la OSPR tanto a nivel local como internacional.<\/font><\/p>\n<p align=\"justify\"><font size=\"3\">En esta edici\u00f3n, la gala se celebrar\u00e1 bajo el tema Fantas\u00eda de M\u00e1scaras, una propuesta inspirada en los tradicionales bailes del Carnaval de Venecia y en obras de m\u00fasica cl\u00e1sica que exploran el simbolismo y la teatralidad de las m\u00e1scaras. La velada promete una experiencia multisensorial que integrar\u00e1 elegancia, arte y m\u00fasica para lograr una noche inolvidable.<\/font><\/p>\n<p align=\"center\"><font size=\"3\"><a href=\"https:\/\/bobvarela.com\/wp-content\/uploads\/2025\/07\/Gala_Comite2025.jpg\"><img loading=\"lazy\" decoding=\"async\" width=\"310\" height=\"463\" title=\"Gala_Comite2025\" style=\"display: inline; background-image: none;\" alt=\"Gala_Comite2025\" src=\"https:\/\/bobvarela.com\/wp-content\/uploads\/2025\/07\/Gala_Comite2025_thumb.jpg\" border=\"0\"\/><\/a><\/font><\/p>\n<p align=\"justify\"><font size=\"3\">Los asistentes disfrutar\u00e1n de una presentaci\u00f3n especial de la Big Band de la Banda de Conciertos de Puerto Rico, dirigida por el maestro \u00c1ngel \u201cCucco\u201d Pe\u00f1a, y un vibrante cierre a cargo del DJ Carlos Cobi\u00e1n, quien presentar\u00e1 una selecci\u00f3n especial de m\u00fasica retro.<\/font><\/p>\n","protected":false},"excerpt":{"rendered":"<p>La Orquesta Sinf\u00f3nica de Puerto Rico (OSPR) present\u00f3 a los distinguidos miembros del comit\u00e9 organizador de su Gala Anual a beneficio de la Orquesta Sinf\u00f3nica de Puerto Rico, cuya segunda edici\u00f3n se celebrar\u00e1 el s\u00e1bado, 6 de septiembre, en el&hellip;<\/p>\n<p class=\"more-link-p\"><a class=\"more-link\" href=\"https:\/\/bobvarela.com\/?p=170912\">Read more &rarr;<\/a><\/p>\n","protected":false},"author":1,"featured_media":0,"comment_status":"open","ping_status":"open","sticky":false,"template":"","format":"standard","meta":{"ngg_post_thumbnail":0,"footnotes":""},"categories":[3,127],"tags":[],"class_list":["post-170912","post","type-post","status-publish","format-standard","hentry","category-actividades","category-musica"],"_links":{"self":[{"href":"https:\/\/bobvarela.com\/index.php?rest_route=\/wp\/v2\/posts\/170912","targetHints":{"allow":["GET"]}}],"collection":[{"href":"https:\/\/bobvarela.com\/index.php?rest_route=\/wp\/v2\/posts"}],"about":[{"href":"https:\/\/bobvarela.com\/index.php?rest_route=\/wp\/v2\/types\/post"}],"author":[{"embeddable":true,"href":"https:\/\/bobvarela.com\/index.php?rest_route=\/wp\/v2\/users\/1"}],"replies":[{"embeddable":true,"href":"https:\/\/bobvarela.com\/index.php?rest_route=%2Fwp%2Fv2%2Fcomments&post=170912"}],"version-history":[{"count":1,"href":"https:\/\/bobvarela.com\/index.php?rest_route=\/wp\/v2\/posts\/170912\/revisions"}],"predecessor-version":[{"id":170913,"href":"https:\/\/bobvarela.com\/index.php?rest_route=\/wp\/v2\/posts\/170912\/revisions\/170913"}],"wp:attachment":[{"href":"https:\/\/bobvarela.com\/index.php?rest_route=%2Fwp%2Fv2%2Fmedia&parent=170912"}],"wp:term":[{"taxonomy":"category","embeddable":true,"href":"https:\/\/bobvarela.com\/index.php?rest_route=%2Fwp%2Fv2%2Fcategories&post=170912"},{"taxonomy":"post_tag","embeddable":true,"href":"https:\/\/bobvarela.com\/index.php?rest_route=%2Fwp%2Fv2%2Ftags&post=170912"}],"curies":[{"name":"wp","href":"https:\/\/api.w.org\/{rel}","templated":true}]}}