{"id":170964,"date":"2025-08-04T08:33:51","date_gmt":"2025-08-04T12:33:51","guid":{"rendered":"https:\/\/bobvarela.com\/?p=170964"},"modified":"2025-08-04T08:33:51","modified_gmt":"2025-08-04T12:33:51","slug":"objetivo-fama-estrena-su-nueva-era-con-una-asombrosa-primera-gala","status":"publish","type":"post","link":"https:\/\/bobvarela.com\/?p=170964","title":{"rendered":"Objetivo Fama estrena su nueva era con una asombrosa primera gala"},"content":{"rendered":"<p align=\"center\"><font size=\"3\"><a href=\"https:\/\/bobvarela.com\/wp-content\/uploads\/2025\/08\/Gala-1-03-Will-Omar.jpg\"><img loading=\"lazy\" decoding=\"async\" width=\"443\" height=\"297\" title=\"Gala 1-03 Will Omar\" style=\"display: inline; background-image: none;\" alt=\"Gala 1-03 Will Omar\" src=\"https:\/\/bobvarela.com\/wp-content\/uploads\/2025\/08\/Gala-1-03-Will-Omar_thumb.jpg\" border=\"0\"\/><\/a><\/font><\/p>\n<p align=\"justify\"><font size=\"3\">La espera termin\u00f3. <i>Objetivo Fama<\/i> regres\u00f3 oficialmente con su primera gala en vivo desde el Centro de Bellas Artes de Caguas, desatando emociones, talento y gran arraigo con la <\/font><font size=\"3\">audiencia. La noche del s\u00e1bado marc\u00f3 el inicio de una temporada que promete ser hist\u00f3rica: una experiencia musical renovada, vibrante y profundamente humana.<\/font><\/p>\n<p align=\"justify\"><font size=\"3\">La gala comenz\u00f3 con una explosi\u00f3n de energ\u00eda e inspiraci\u00f3n con las voces de los veinte concursantes interpretando el tema <b>&#8220;Sonr\u00edele&#8221; de Daddy Yankee<\/b>, mostrando desde el primer instante dominio esc\u00e9nico,carisma y una gran conexi\u00f3n con el p\u00fablico y su fanaticada.<\/font><\/p>\n<p align=\"center\"><font size=\"3\"><a href=\"https:\/\/bobvarela.com\/wp-content\/uploads\/2025\/08\/Gala-1-02-Will-Omar.jpg\"><img loading=\"lazy\" decoding=\"async\" width=\"446\" height=\"299\" title=\"Gala 1-02 Will Omar\" style=\"display: inline; background-image: none;\" alt=\"Gala 1-02 Will Omar\" src=\"https:\/\/bobvarela.com\/wp-content\/uploads\/2025\/08\/Gala-1-02-Will-Omar_thumb.jpg\" border=\"0\"\/><\/a><\/font><\/p>\n<p><b><font size=\"3\"><\/p>\n<p align=\"justify\"><font size=\"3\"><b>Alexis y Taishmara<\/b> establecieron el tono rom\u00e1ntico con <i>\u201cTe lo Agradezco\u201d<\/i>, mientras que <b>Rafael y Miguel <\/b>desataron pasi\u00f3n con <i>\u201cLa F\u00f3rmula\u201d<\/i> junto a un cuerpo de bailarinas. La emoci\u00f3n creci\u00f3 con <b>Andrea y Genoveva<\/b> en <i>\u201cPerd\u00f3n,<\/i><i>Perd\u00f3n\u201d<\/i>, quienes provocaron la primera gran ovaci\u00f3n de la noche. \u201c\u00a1SOBERBIO!\u201d, exclam\u00f3 <b>Roberto Sueiro<\/b>, mientras <b>Ana Isabelle<\/b> y <b>Cristina <\/b><b>Eustace<\/b> reconoc\u00edan la entrega del dueto.<b><font size=\"3\"><br \/><\/font><\/b><\/font><\/p>\n<p><\/font><\/b><\/p>\n<p align=\"justify\"><font size=\"3\"><b>Dionisio y Valente<\/b> conectaron con el p\u00fablico con <i>\u201cEl Doctorado\u201d<\/i>, y la euforia aument\u00f3 con la poderosa actuaci\u00f3n de <b>Sheila y Noelyz<\/b> en <i>\u201cPor El Contrario\u201d<\/i>, aclamadas de pie por la audiencia y el jurado.<\/font><\/p>\n<p align=\"justify\"><font size=\"3\">La noche continu\u00f3 con el sabor tropical gracias a <b>Emmanuel y Ariana<\/b> (<i>\u201cVivir<\/i><i>lo Nuestro\u201d<\/i>), mientras que <b>Gustavo y Santiago<\/b> ofrecieron una interpretaci\u00f3n ac\u00fastica \u00edntima de <i>\u201cFantas\u00edas\u201d<\/i>. Uno de los momentos m\u00e1s conmovedores fue el de <b>Cristian Diana y Vicky<\/b>, quienes tocaron corazones con <i>\u201cFuiste T\u00fa\u201d<\/i>, provocando aplausos interminables y otro \u201c\u00a1SOBERBIO!\u201d del jurado.<b><font size=\"3\"><br \/><\/font><\/b><\/font><\/p>\n<p align=\"justify\"><font size=\"3\"><b>Yancy y Gala<\/b> estremecieron la sala con dramatismo y potente ejecuci\u00f3n vocal en <i>\u201cAs\u00ed No Te Amar\u00e1 Jam\u00e1s\u201d<\/i>, consolidando la noche como una celebraci\u00f3n de talento y autenticidad sin filtros. <\/font><\/p>\n<p align=\"justify\"><font size=\"3\">Por su parte, <b>F\u00e9lix y Kevin<\/b> irradiaron frescura y buena vibra en su interpretaci\u00f3n de <i>\u201cVivo\u201d<\/i>.<\/font><\/p>\n<p align=\"justify\"><font size=\"3\">Al cierre de la gala, <b>Miguel,<\/b> <b>Rafael y Valente<\/b> fueron nominados, siendo este \u00faltimo salvado por el p\u00fablico a trav\u00e9s de <b><a href=\"http:\/\/www.objetivofama.net\/vota\">www.objetivofama.net\/vota<\/a> <\/b><\/font><\/p>\n<p align=\"justify\"><font size=\"3\">La inmunidad fue otorgada a <b>Yancy<\/b>, quien se estrenar\u00e1 como solista la siguiente semana.<\/font><\/p>\n<p align=\"justify\"><font size=\"3\">Desde ma\u00f1ana, el p\u00fablico podr\u00e1 seguir el d\u00eda a d\u00eda de los participantes a trav\u00e9s de transmisionesen YouTube desde la casa estudio,con ensayos y contenido exclusivo.<\/font><\/p>\n<p align=\"justify\"><font size=\"3\">El artista invitado para la segunda gala estelar ser\u00e1 Ken-Y.<\/font><\/p>\n<p align=\"justify\"><ins><\/ins><font size=\"3\">ngg_shortcode_0_placeholder<\/font><\/p>\n","protected":false},"excerpt":{"rendered":"<p>La espera termin\u00f3. Objetivo Fama regres\u00f3 oficialmente con su primera gala en vivo desde el Centro de Bellas Artes de Caguas, desatando emociones, talento y gran arraigo con la audiencia. La noche del s\u00e1bado marc\u00f3 el inicio de una temporada&hellip;<\/p>\n<p class=\"more-link-p\"><a class=\"more-link\" href=\"https:\/\/bobvarela.com\/?p=170964\">Read more &rarr;<\/a><\/p>\n","protected":false},"author":1,"featured_media":0,"comment_status":"open","ping_status":"open","sticky":false,"template":"","format":"standard","meta":{"ngg_post_thumbnail":0,"footnotes":""},"categories":[5,127],"tags":[],"class_list":["post-170964","post","type-post","status-publish","format-standard","hentry","category-concursos","category-musica"],"_links":{"self":[{"href":"https:\/\/bobvarela.com\/index.php?rest_route=\/wp\/v2\/posts\/170964","targetHints":{"allow":["GET"]}}],"collection":[{"href":"https:\/\/bobvarela.com\/index.php?rest_route=\/wp\/v2\/posts"}],"about":[{"href":"https:\/\/bobvarela.com\/index.php?rest_route=\/wp\/v2\/types\/post"}],"author":[{"embeddable":true,"href":"https:\/\/bobvarela.com\/index.php?rest_route=\/wp\/v2\/users\/1"}],"replies":[{"embeddable":true,"href":"https:\/\/bobvarela.com\/index.php?rest_route=%2Fwp%2Fv2%2Fcomments&post=170964"}],"version-history":[{"count":1,"href":"https:\/\/bobvarela.com\/index.php?rest_route=\/wp\/v2\/posts\/170964\/revisions"}],"predecessor-version":[{"id":170965,"href":"https:\/\/bobvarela.com\/index.php?rest_route=\/wp\/v2\/posts\/170964\/revisions\/170965"}],"wp:attachment":[{"href":"https:\/\/bobvarela.com\/index.php?rest_route=%2Fwp%2Fv2%2Fmedia&parent=170964"}],"wp:term":[{"taxonomy":"category","embeddable":true,"href":"https:\/\/bobvarela.com\/index.php?rest_route=%2Fwp%2Fv2%2Fcategories&post=170964"},{"taxonomy":"post_tag","embeddable":true,"href":"https:\/\/bobvarela.com\/index.php?rest_route=%2Fwp%2Fv2%2Ftags&post=170964"}],"curies":[{"name":"wp","href":"https:\/\/api.w.org\/{rel}","templated":true}]}}