{"id":171047,"date":"2025-08-06T06:31:12","date_gmt":"2025-08-06T10:31:12","guid":{"rendered":"https:\/\/bobvarela.com\/?p=171047"},"modified":"2025-08-06T06:31:12","modified_gmt":"2025-08-06T10:31:12","slug":"puerto-rico-se-prepara-para-su-histrica-semana-oficial-de-la-moda-bajo-la-ley-155-del-6-al-12-de-octubre-el-talento-boricua-brillar-ante-el-mundo","status":"publish","type":"post","link":"https:\/\/bobvarela.com\/?p=171047","title":{"rendered":"Puerto Rico se prepara para su hist&oacute;rica Semana Oficial de la Moda bajo la Ley 155 Del 6 al 12 de octubre, el talento boricua brillar&aacute; ante el mundo."},"content":{"rendered":"<p align=\"center\"><font size=\"3\"><a href=\"https:\/\/bobvarela.com\/wp-content\/uploads\/2025\/08\/PDC-LANCE-PHOTOGRAPHY-6-4.jpg\"><img loading=\"lazy\" decoding=\"async\" width=\"538\" height=\"361\" title=\"PDC-LANCE PHOTOGRAPHY (6) (4)\" style=\"display: inline; background-image: none;\" alt=\"PDC-LANCE PHOTOGRAPHY (6) (4)\" src=\"https:\/\/bobvarela.com\/wp-content\/uploads\/2025\/08\/PDC-LANCE-PHOTOGRAPHY-6-4_thumb.jpg\" border=\"0\"\/><\/a><\/font><\/p>\n<p align=\"justify\"><font size=\"3\">Con gran entusiasmo y una firme misi\u00f3n de posicionar a Puerto Rico como un destino clave para la moda en el Caribe y el mundo, la isla se prepara para celebrar la <b>Semana Oficial de la Moda<\/b><b> de Puerto Rico <\/b>del 6 al 12 de octubre de 2025, seg\u00fan estipula la <b>Ley 155-2024<\/b>. Este evento marca un hito cultural y econ\u00f3mico para la Isla, promoviendo la industria local de la moda, el turismo creativo y el emprendimiento cultural.<\/font><\/p>\n<p align=\"center\"><font size=\"3\"><a href=\"https:\/\/bobvarela.com\/wp-content\/uploads\/2025\/08\/IMG_0731.jpg\"><img loading=\"lazy\" decoding=\"async\" width=\"324\" height=\"416\" title=\"IMG_0731\" style=\"display: inline; background-image: none;\" alt=\"IMG_0731\" src=\"https:\/\/bobvarela.com\/wp-content\/uploads\/2025\/08\/IMG_0731_thumb.jpg\" border=\"0\"\/><\/a><\/font><\/p>\n<p align=\"justify\"><font size=\"3\">Ya son <b>25 los dise\u00f1adores locales e internacionales confirmados<\/b>, entre ellos grandes nombres como <b>Carlos Alberto, Lisa Thon, Sonia Rivera, Elier Aubret, Jaer Cab\u00e1n, Juan Carlos Collazo, Axel \u201cGax\u201d Chinea, Tommie Hern\u00e1ndez, Jos\u00e9 Ra\u00fal, Herman Nadal, Lilliam Landr\u00f3n, l<\/b>a presidenta de <b>RD Fashion Week<\/b>, <b>Melkis D\u00edaz (Rep\u00fablica Dominicana), Mar Beltr\u00e1n (Colombia) , Felipe de Le\u00f3n (Rep\u00fablica Dominicana), Edwin Rosario, Omayra Casillas, Meily Fern\u00e1ndez, y una nueva generaci\u00f3n de destacados dise\u00f1adores entre los cuales se encuentran Ra\u00fal Jafet, Mateo Manuel, Diego Borrero, Ozvart Mel\u00e9ndez, Christopher Santana, Armando Pereira, Astrid Kadesh entre otros. <\/b>Esta muestra de talento consolida la riqueza, diversidad e innovaci\u00f3n del dise\u00f1o boricua.<\/font><\/p>\n<p align=\"center\"><font size=\"3\"><a href=\"https:\/\/bobvarela.com\/wp-content\/uploads\/2025\/08\/IMG_4545.jpg\"><img loading=\"lazy\" decoding=\"async\" width=\"167\" height=\"244\" title=\"IMG_4545\" style=\"display: inline; background-image: none;\" alt=\"IMG_4545\" src=\"https:\/\/bobvarela.com\/wp-content\/uploads\/2025\/08\/IMG_4545_thumb.jpg\" border=\"0\"\/><\/a><\/font><a href=\"https:\/\/bobvarela.com\/wp-content\/uploads\/2025\/08\/IMG_4624.jpg\"><img loading=\"lazy\" decoding=\"async\" width=\"244\" height=\"233\" title=\"IMG_4624\" style=\"display: inline; background-image: none;\" alt=\"IMG_4624\" src=\"https:\/\/bobvarela.com\/wp-content\/uploads\/2025\/08\/IMG_4624_thumb.jpg\" border=\"0\"\/><\/a><a href=\"https:\/\/bobvarela.com\/wp-content\/uploads\/2025\/08\/IMG_4678.jpg\"><img loading=\"lazy\" decoding=\"async\" width=\"217\" height=\"244\" title=\"IMG_4678\" style=\"display: inline; background-image: none;\" alt=\"IMG_4678\" src=\"https:\/\/bobvarela.com\/wp-content\/uploads\/2025\/08\/IMG_4678_thumb.jpg\" border=\"0\"\/><\/a><\/p>\n<p align=\"justify\"><font size=\"3\">La fundadora y portavoz de la Semana Oficial de la Moda, <b>Zuleika Zayas<\/b>, destac\u00f3 que esta edici\u00f3n estar\u00e1 <b>dedicada a promover el talento boricua mediante experiencias inmersivas \u00fanicas en su clase<\/b>. Entre ellas, el lanzamiento del <b>primer Fashion Film &#8211; documental sobre la moda puertorrique\u00f1a<\/b>, que se presentar\u00e1 en <b>Caribbean Cinemas<\/b>, as\u00ed como nuevas plataformas de educaci\u00f3n y negocios lideradas por <b>Expomoda<\/b>.<\/font><\/p>\n<p align=\"justify\"><font size=\"3\">Una de las experiencias m\u00e1s esperadas ser\u00e1 la innovadora edici\u00f3n <b>\u201cModaland\u201d; <\/b>una experiencia sin precedentes en Puerto Rico en donde varios dise\u00f1adores presentar\u00e1n sus colecciones en el <b>Claro Space<\/b>, el primer domo inmersivo 360 de Puerto Rico y Am\u00e9rica Latina. Esta experiencia permitir\u00e1 al p\u00fablico vivir <b>m\u00faltiples pasarelas con conceptos exclusivos y distintivos<\/b>, abarcando todos los gustos y estilos; desde lo cl\u00e1sico y sofisticado hasta lo ultra fashion y urbano. Una de las sedes principales ser\u00e1 el <b>renovado Parque de las Ciencias by Toroverde powered by Claro<\/b>, que servir\u00e1 de epicentro para esta explosi\u00f3n creativa.<\/font><\/p>\n<p align=\"justify\"><font size=\"3\">Adem\u00e1s, la productora nos revel\u00f3 que se realizar\u00e1 la final de The Emerging, plataforma que revelar\u00e1 al nuevo(a) dise\u00f1ador destacado de la isla. Tambi\u00e9n <b>tendr\u00e1n nuevas experiencias que involucran los cinco (5) sentidos y que ser\u00e1n reveladas pr\u00f3ximamente<\/b>, elevando a\u00fan m\u00e1s la expectativa y la innovaci\u00f3n que caracterizar\u00e1n esta edici\u00f3n.<\/font><\/p>\n<p align=\"center\"><font size=\"3\"><a href=\"https:\/\/bobvarela.com\/wp-content\/uploads\/2025\/08\/IMG_2078.jpg\"><img loading=\"lazy\" decoding=\"async\" width=\"164\" height=\"244\" title=\"IMG_2078\" style=\"display: inline; background-image: none;\" alt=\"IMG_2078\" src=\"https:\/\/bobvarela.com\/wp-content\/uploads\/2025\/08\/IMG_2078_thumb.jpg\" border=\"0\"\/><\/a><\/font><a href=\"https:\/\/bobvarela.com\/wp-content\/uploads\/2025\/08\/IMG_1690.jpg\"><img loading=\"lazy\" decoding=\"async\" width=\"166\" height=\"244\" title=\"IMG_1690\" style=\"display: inline; background-image: none;\" alt=\"IMG_1690\" src=\"https:\/\/bobvarela.com\/wp-content\/uploads\/2025\/08\/IMG_1690_thumb.jpg\" border=\"0\"\/><\/a><\/p>\n<p align=\"justify\"><font size=\"3\">La semana contar\u00e1 tambi\u00e9n con <b>grandes visitas y alianzas internacionales<\/b>, recibiendo apoyo y participaci\u00f3n de representantes de pa\u00edses como <b>Rep\u00fablica Dominicana, Estados Unidos (especialmente Nueva York), Espa\u00f1a, Colombia entre otros<\/b>, consolidando as\u00ed a Puerto Rico como un <b>puente cultural de entretenimiento y de moda en el Caribe<\/b>.<\/font><\/p>\n<p align=\"justify\"><font size=\"3\">\u201cPuerto Rico ser\u00e1 pionero en fusionar la tecnolog\u00eda, cultura y moda en un solo evento. Esta semana ser\u00e1 una invitaci\u00f3n abierta al mundo para conocer nuestro talento, nuestras ra\u00edces y nuestra visi\u00f3n del futuro\u201d, expres\u00f3 Zayas, quien tambi\u00e9n asegur\u00f3 que <b>grandes sorpresas<\/b> est\u00e1n por revelarse durante la semana.<\/font><\/p>\n<p align=\"justify\"><font size=\"3\">Con una programaci\u00f3n que incluir\u00e1 pasarelas, exhibiciones, proyecciones cinematogr\u00e1ficas, foros educativos y eventos VIP, <b>Puerto Rico Fashion Week <\/b>promete continuar siendo una plataforma vibrante de creatividad, innovaci\u00f3n y orgullo boricua.<\/font><\/p>\n<p align=\"center\"><b><font size=\"3\">Para entrevistas, colaboraciones o m\u00e1s informaci\u00f3n visita <\/font><\/b><a href=\"http:\/\/www.prfashionweek.com\/\"><b><font size=\"3\">www.prfashionweek.com<\/font><\/b><\/a><b><font size=\"3\"> o escribe a <\/font><\/b><a><b><font size=\"3\">info@prfashionweek.com<\/font><\/b><\/a><b><font size=\"3\"> y al 787-994-9331.<\/font><\/b><\/p>\n","protected":false},"excerpt":{"rendered":"<p>Con gran entusiasmo y una firme misi\u00f3n de posicionar a Puerto Rico como un destino clave para la moda en el Caribe y el mundo, la isla se prepara para celebrar la Semana Oficial de la Moda de Puerto Rico&hellip;<\/p>\n<p class=\"more-link-p\"><a class=\"more-link\" href=\"https:\/\/bobvarela.com\/?p=171047\">Read more &rarr;<\/a><\/p>\n","protected":false},"author":1,"featured_media":0,"comment_status":"open","ping_status":"open","sticky":false,"template":"","format":"standard","meta":{"ngg_post_thumbnail":0,"footnotes":""},"categories":[4,295],"tags":[],"class_list":["post-171047","post","type-post","status-publish","format-standard","hentry","category-moda","category-puerto-rico"],"_links":{"self":[{"href":"https:\/\/bobvarela.com\/index.php?rest_route=\/wp\/v2\/posts\/171047","targetHints":{"allow":["GET"]}}],"collection":[{"href":"https:\/\/bobvarela.com\/index.php?rest_route=\/wp\/v2\/posts"}],"about":[{"href":"https:\/\/bobvarela.com\/index.php?rest_route=\/wp\/v2\/types\/post"}],"author":[{"embeddable":true,"href":"https:\/\/bobvarela.com\/index.php?rest_route=\/wp\/v2\/users\/1"}],"replies":[{"embeddable":true,"href":"https:\/\/bobvarela.com\/index.php?rest_route=%2Fwp%2Fv2%2Fcomments&post=171047"}],"version-history":[{"count":1,"href":"https:\/\/bobvarela.com\/index.php?rest_route=\/wp\/v2\/posts\/171047\/revisions"}],"predecessor-version":[{"id":171048,"href":"https:\/\/bobvarela.com\/index.php?rest_route=\/wp\/v2\/posts\/171047\/revisions\/171048"}],"wp:attachment":[{"href":"https:\/\/bobvarela.com\/index.php?rest_route=%2Fwp%2Fv2%2Fmedia&parent=171047"}],"wp:term":[{"taxonomy":"category","embeddable":true,"href":"https:\/\/bobvarela.com\/index.php?rest_route=%2Fwp%2Fv2%2Fcategories&post=171047"},{"taxonomy":"post_tag","embeddable":true,"href":"https:\/\/bobvarela.com\/index.php?rest_route=%2Fwp%2Fv2%2Ftags&post=171047"}],"curies":[{"name":"wp","href":"https:\/\/api.w.org\/{rel}","templated":true}]}}