{"id":171095,"date":"2025-08-07T09:10:53","date_gmt":"2025-08-07T13:10:53","guid":{"rendered":"https:\/\/bobvarela.com\/?p=171095"},"modified":"2025-08-07T09:10:53","modified_gmt":"2025-08-07T13:10:53","slug":"ruben-dario-presenta-su-collecion-titulado-fuyu","status":"publish","type":"post","link":"https:\/\/bobvarela.com\/?p=171095","title":{"rendered":"Ruben Dario presenta su Collecion Titulado &ldquo;Fuyu&rdquo;"},"content":{"rendered":"<p align=\"justify\"><font size=\"3\">Ruben Dario dentro de marco de la 30 edici\u00f3n de San Juan Moda presento su colecci\u00f3n, donde rinde honor al invierno titulado \u201cFuyu\u201d, que en japon\u00e9s significa \u201cinvierno\u201d, fue un desfile que explor\u00f3 la dualidad entre lo estructurado y lo et\u00e9reo, todo bajo una paleta monocrom\u00e1tica de blancos y negros predomino y que reforz\u00f3 la serenidad y el contraste propios de la estaci\u00f3n.<\/font><\/p>\n<p align=\"justify\"><font size=\"3\">ngg_shortcode_0_placeholder<\/font><\/p>\n<p align=\"justify\"><font size=\"3\"><br \/><\/font><\/p>\n","protected":false},"excerpt":{"rendered":"<p>Ruben Dario dentro de marco de la 30 edici\u00f3n de San Juan Moda presento su colecci\u00f3n, donde rinde honor al invierno titulado \u201cFuyu\u201d, que en japon\u00e9s significa \u201cinvierno\u201d, fue un desfile que explor\u00f3 la dualidad entre lo estructurado y lo&hellip;<\/p>\n<p class=\"more-link-p\"><a class=\"more-link\" href=\"https:\/\/bobvarela.com\/?p=171095\">Read more &rarr;<\/a><\/p>\n","protected":false},"author":1,"featured_media":0,"comment_status":"open","ping_status":"open","sticky":false,"template":"","format":"standard","meta":{"ngg_post_thumbnail":0,"footnotes":""},"categories":[4,295],"tags":[],"class_list":["post-171095","post","type-post","status-publish","format-standard","hentry","category-moda","category-puerto-rico"],"_links":{"self":[{"href":"https:\/\/bobvarela.com\/index.php?rest_route=\/wp\/v2\/posts\/171095","targetHints":{"allow":["GET"]}}],"collection":[{"href":"https:\/\/bobvarela.com\/index.php?rest_route=\/wp\/v2\/posts"}],"about":[{"href":"https:\/\/bobvarela.com\/index.php?rest_route=\/wp\/v2\/types\/post"}],"author":[{"embeddable":true,"href":"https:\/\/bobvarela.com\/index.php?rest_route=\/wp\/v2\/users\/1"}],"replies":[{"embeddable":true,"href":"https:\/\/bobvarela.com\/index.php?rest_route=%2Fwp%2Fv2%2Fcomments&post=171095"}],"version-history":[{"count":1,"href":"https:\/\/bobvarela.com\/index.php?rest_route=\/wp\/v2\/posts\/171095\/revisions"}],"predecessor-version":[{"id":171096,"href":"https:\/\/bobvarela.com\/index.php?rest_route=\/wp\/v2\/posts\/171095\/revisions\/171096"}],"wp:attachment":[{"href":"https:\/\/bobvarela.com\/index.php?rest_route=%2Fwp%2Fv2%2Fmedia&parent=171095"}],"wp:term":[{"taxonomy":"category","embeddable":true,"href":"https:\/\/bobvarela.com\/index.php?rest_route=%2Fwp%2Fv2%2Fcategories&post=171095"},{"taxonomy":"post_tag","embeddable":true,"href":"https:\/\/bobvarela.com\/index.php?rest_route=%2Fwp%2Fv2%2Ftags&post=171095"}],"curies":[{"name":"wp","href":"https:\/\/api.w.org\/{rel}","templated":true}]}}