{"id":171187,"date":"2025-08-08T07:48:12","date_gmt":"2025-08-08T11:48:12","guid":{"rendered":"https:\/\/bobvarela.com\/?p=171187"},"modified":"2025-08-08T07:48:12","modified_gmt":"2025-08-08T11:48:12","slug":"desfile-primavera-verano-2026-de-munthe","status":"publish","type":"post","link":"https:\/\/bobvarela.com\/?p=171187","title":{"rendered":"Desfile Primavera Verano 2026 de Munthe"},"content":{"rendered":"<p><font size=\"3\">MUNTHE present\u00f3 su colecci\u00f3n Primavera Verano 2026 en la Semana de la Moda de Copenhague, ofreciendo una meditaci\u00f3n po\u00e9tica sobre la intersecci\u00f3n de la naturaleza y el dise\u00f1o. Arraigada en un enfoque profundamente impulsado por el proceso, la colecci\u00f3n se desarroll\u00f3 con una intensidad tranquila, basada en la experimentaci\u00f3n bot\u00e1nica y la artesan\u00eda refinada.<\/font><\/p>\n<p><font size=\"3\">En el coraz\u00f3n de la colecci\u00f3n hab\u00eda un estampado caracter\u00edstico creado a trav\u00e9s de una t\u00e9cnica de tinte a base de plantas. Se utilizaron flores y hojas reales en un proceso de infusi\u00f3n controlado para transferir pigmentos naturales directamente a la tela tratada, lo que result\u00f3 en impresiones detalladas. Cada pieza se erigi\u00f3 como un registro visual \u00fanico de los materiales org\u00e1nicos utilizados, una huella de la naturaleza delicada e impredecible. Estos estampados no solo definieron la identidad visual de la colecci\u00f3n, sino que tambi\u00e9n reflejaron un compromiso m\u00e1s amplio con la experimentaci\u00f3n y la sostenibilidad.<\/font><\/p>\n<p><font size=\"3\">Los motivos naturales se extendieron en intrincadas fabricaciones, con elementos como helechos reinterpretados en bordados ingleses, encajes pesados y bordados voluminosos. Este lenguaje de dise\u00f1o continu\u00f3 en una variedad de siluetas, desde la sastrer\u00eda suave hasta las capas escult\u00f3ricas. El dominio de la construcci\u00f3n de MUNTHE fue evidente en prendas que equilibraban la estructura con el movimiento, empleando vol\u00famenes equilibrados y una confecci\u00f3n precisa para introducir fluidez sin sacrificar la forma.<\/font><\/p>\n<p><font size=\"3\">Una paleta apagada de neutros terrosos y pasteles lavados evocaba los tonos tranquilos de la flora descolorida por el sol. Estos colores se enriquecieron con la calidad t\u00e1ctil de las telas texturizadas, los bordados intrincados y el sutil brillo de las lentejuelas. El efecto general fue a la vez realista y et\u00e9reo, lo que subraya el continuo inter\u00e9s de la marca en elevar el uso diario a trav\u00e9s de un dise\u00f1o reflexivo.<\/font><\/p>\n<p><font size=\"3\">Los accesorios agregaron dimensi\u00f3n a la oferta de la pasarela, con la inclusi\u00f3n de los bolsos Roluke, Lixia y Lix, cada uno de los cuales ofrece adaptabilidad a trav\u00e9s de asas, amuletos y llaveros Bluma intercambiables. El calzado estuvo liderado por la sandalia Fernis, complementando la elegancia relajada de las prendas de la colecci\u00f3n.<\/font><\/p>\n<p><font size=\"3\">MUNTHE continu\u00f3 su exploraci\u00f3n del contraste, una firma de la casa, combinando delicados visillos con denim resistente y formas femeninas con detalles funcionales. La ropa de abrigo ligera, las camisas de gran tama\u00f1o y los detalles de influencia deportiva contribuyeron a un guardarropa definido por la versatilidad y el refinamiento art\u00edstico.<\/font><\/p>\n<p><font size=\"3\">A trav\u00e9s de un estudio centrado en los procesos naturales y el dise\u00f1o t\u00e1ctil, la colecci\u00f3n Primavera Verano 2026 de MUNTHE ofreci\u00f3 una narrativa convincente de artesan\u00eda e innovaci\u00f3n silenciosa, brindando una visi\u00f3n elevada de la vestimenta moderna arraigada en la autenticidad y el cuidado.<\/font><\/p>\n<p><font size=\"3\">ngg_shortcode_0_placeholder<\/font><\/p>\n<p><font size=\"3\"><\/font><\/p>\n","protected":false},"excerpt":{"rendered":"<p>MUNTHE present\u00f3 su colecci\u00f3n Primavera Verano 2026 en la Semana de la Moda de Copenhague, ofreciendo una meditaci\u00f3n po\u00e9tica sobre la intersecci\u00f3n de la naturaleza y el dise\u00f1o. Arraigada en un enfoque profundamente impulsado por el proceso, la colecci\u00f3n se&hellip;<\/p>\n<p class=\"more-link-p\"><a class=\"more-link\" href=\"https:\/\/bobvarela.com\/?p=171187\">Read more &rarr;<\/a><\/p>\n","protected":false},"author":1,"featured_media":0,"comment_status":"open","ping_status":"open","sticky":false,"template":"","format":"standard","meta":{"ngg_post_thumbnail":0,"footnotes":""},"categories":[4],"tags":[],"class_list":["post-171187","post","type-post","status-publish","format-standard","hentry","category-moda"],"_links":{"self":[{"href":"https:\/\/bobvarela.com\/index.php?rest_route=\/wp\/v2\/posts\/171187","targetHints":{"allow":["GET"]}}],"collection":[{"href":"https:\/\/bobvarela.com\/index.php?rest_route=\/wp\/v2\/posts"}],"about":[{"href":"https:\/\/bobvarela.com\/index.php?rest_route=\/wp\/v2\/types\/post"}],"author":[{"embeddable":true,"href":"https:\/\/bobvarela.com\/index.php?rest_route=\/wp\/v2\/users\/1"}],"replies":[{"embeddable":true,"href":"https:\/\/bobvarela.com\/index.php?rest_route=%2Fwp%2Fv2%2Fcomments&post=171187"}],"version-history":[{"count":1,"href":"https:\/\/bobvarela.com\/index.php?rest_route=\/wp\/v2\/posts\/171187\/revisions"}],"predecessor-version":[{"id":171188,"href":"https:\/\/bobvarela.com\/index.php?rest_route=\/wp\/v2\/posts\/171187\/revisions\/171188"}],"wp:attachment":[{"href":"https:\/\/bobvarela.com\/index.php?rest_route=%2Fwp%2Fv2%2Fmedia&parent=171187"}],"wp:term":[{"taxonomy":"category","embeddable":true,"href":"https:\/\/bobvarela.com\/index.php?rest_route=%2Fwp%2Fv2%2Fcategories&post=171187"},{"taxonomy":"post_tag","embeddable":true,"href":"https:\/\/bobvarela.com\/index.php?rest_route=%2Fwp%2Fv2%2Ftags&post=171187"}],"curies":[{"name":"wp","href":"https:\/\/api.w.org\/{rel}","templated":true}]}}