{"id":171197,"date":"2025-08-11T06:16:08","date_gmt":"2025-08-11T10:16:08","guid":{"rendered":"https:\/\/bobvarela.com\/?p=171197"},"modified":"2025-08-11T06:16:08","modified_gmt":"2025-08-11T10:16:08","slug":"orquesta-sinfnica-de-puerto-rico-presentar-su-concierto-de-cierre-de-verano-junto-a-ballets-de-san-juan","status":"publish","type":"post","link":"https:\/\/bobvarela.com\/?p=171197","title":{"rendered":"Orquesta Sinf&oacute;nica de Puerto Rico presentar&aacute; su concierto de cierre de verano junto a Ballets de San Juan"},"content":{"rendered":"<p align=\"center\"><font size=\"3\"><a href=\"https:\/\/bobvarela.com\/wp-content\/uploads\/2025\/08\/ConciertoVerano1.jpg\"><img loading=\"lazy\" decoding=\"async\" width=\"404\" height=\"271\" title=\"ConciertoVerano1\" style=\"display: inline; background-image: none;\" alt=\"ConciertoVerano1\" src=\"https:\/\/bobvarela.com\/wp-content\/uploads\/2025\/08\/ConciertoVerano1_thumb.jpg\" border=\"0\"\/><\/a><\/font><\/p>\n<p align=\"justify\"><font size=\"3\">La Orquesta Sinf\u00f3nica de Puerto Rico (OSPR) anunci\u00f3 que su concierto de cierre de verano, titulado Cl\u00e1sicos en movimiento, se llevar\u00e1 a cabo el viernes, 15 de agosto, a las 6:00 p.m. y el s\u00e1bado, 16 de agosto, a las 3:00 p.m. y 6:00 p.m. en la Sala Sinf\u00f3nica Pablo Casals del Centro de Bellas Artes de Santurce (CBA). Bajo la batuta del director asociado de la OSPR, Rafael Enrique Irizarry, el concierto contar\u00e1 con la colaboraci\u00f3n especial de Ballets de San Juan bajo la direcci\u00f3n art\u00edstica de Adolfo de la Toba.<br \/>\u201cDesde la Corporaci\u00f3n de Artes Musicales nos llena de orgullo presentar iniciativas como esta a trav\u00e9s de nuestra Orquesta Sinf\u00f3nica de Puerto Rico. Estas propuestas no solo ampl\u00edan el alcance de nuestras expresiones culturales, sino que tambi\u00e9n nutren la sensibilidad art\u00edstica de nuevas generaciones. Esta tercera edici\u00f3n del concierto de cierre de verano, realizada en colaboraci\u00f3n con Ballets de San Juan, demuestra lo que se puede lograr cuando dos instituciones art\u00edsticas de excelencia se unen con un prop\u00f3sito com\u00fan: acercar el arte al pueblo. Cl\u00e1sicos en movimiento es una celebraci\u00f3n del talento, del esfuerzo colectivo y de la huella transformadora que dejan las artes en quienes se permiten vivirlas\u201d, expres\u00f3 Melissa Santana, directora ejecutiva de la Corporaci\u00f3n de Artes Musicales.<\/font><\/p>\n<p align=\"justify\"><font size=\"3\"><a href=\"https:\/\/bobvarela.com\/wp-content\/uploads\/2025\/08\/ConcicertoVerano2.jpg\"><img loading=\"lazy\" decoding=\"async\" width=\"456\" height=\"306\" title=\"ConcicertoVerano2\" style=\"margin-right: auto; margin-left: auto; float: none; display: block; background-image: none;\" alt=\"ConcicertoVerano2\" src=\"https:\/\/bobvarela.com\/wp-content\/uploads\/2025\/08\/ConcicertoVerano2_thumb.jpg\" border=\"0\"\/><\/a><br \/>Este concierto, que se realiza por tercer a\u00f1o consecutivo, responde al compromiso fundamental de la Orquesta Sinf\u00f3nica de Puerto Rico y Ballets de San Juan de democratizar el acceso al arte y llevar experiencias culturales enriquecedoras a toda la familia puertorrique\u00f1a. Reconociendo la importancia de cultivar una nueva generaci\u00f3n de amantes del ballet y la m\u00fasica cl\u00e1sica, esta colaboraci\u00f3n busca romper barreras tradicionales y presentar el arte esc\u00e9nico de manera accesible y emocionante para p\u00fablicos de todas las edades.<br \/>Por su parte, el director art\u00edstico de Ballets de San Juan, Adolfo de la Toba, dijo que \u201cesta colaboraci\u00f3n representa la materializaci\u00f3n de un sue\u00f1o art\u00edstico que hemos cultivado durante a\u00f1os. La sinergia entre nuestros bailarines y los m\u00fasicos de la Orquesta Sinf\u00f3nica crea una magia esc\u00e9nica que es imposible de replicar. Cada nota musical se convierte en movimiento, cada gesto danc\u00edstico encuentra su eco en la orquesta. Estamos creando no solo un espect\u00e1culo, sino una experiencia transformadora que quedar\u00e1 grabada en el coraz\u00f3n del p\u00fablico puertorrique\u00f1o y visitante.\u201d<\/font><\/p>\n<p align=\"justify\"><font size=\"3\"><a href=\"https:\/\/bobvarela.com\/wp-content\/uploads\/2025\/08\/RafaelEnriqueIrizarry_enConcierto.jpg\"><img loading=\"lazy\" decoding=\"async\" width=\"219\" height=\"327\" title=\"RafaelEnriqueIrizarry_enConcierto\" style=\"margin-right: auto; margin-left: auto; float: none; display: block; background-image: none;\" alt=\"RafaelEnriqueIrizarry_enConcierto\" src=\"https:\/\/bobvarela.com\/wp-content\/uploads\/2025\/08\/RafaelEnriqueIrizarry_enConcierto_thumb.jpg\" border=\"0\"\/><\/a><br \/>El repertorio incluir\u00e1 Felices D\u00edas de Juan Morel Campos, Sinfon\u00eda No. 1, Mvto. II \u201cAllegro\u201d de Dmitri Shostakovich, y Gayane (Adagio) de Aram Khatchaturian. Tambi\u00e9n se interpretar\u00e1n Sinfon\u00eda No. 4, Mvto. II \u201cAndantino in modo di canzona\u201d de Pyotr Ilyich Tchaikovsky, Sinfon\u00eda No. 1 \u201cCl\u00e1sica\u201d, Mvtos. I \u201cAllegro\u201d y II \u201cLarghetto\u201d de Sergei Prokofiev, y Rodeo, III. Saturday Night Waltz de Aaron Copland. Completan el programa Colors of the Wind de Alan Menken y L\u2019Oiseau de Feu (Berceuse y Finale) de Igor Stravinsky.<br \/>Los boletos para el concierto de cierre de verano Cl\u00e1sicos en movimiento est\u00e1n disponibles a trav\u00e9s de Ticketcenter. Aunque el concierto es gratuito, las personas deber\u00e1n cubrir \u00fanicamente los cargos por servicios de boleter\u00eda.<\/font><\/p>\n","protected":false},"excerpt":{"rendered":"<p>La Orquesta Sinf\u00f3nica de Puerto Rico (OSPR) anunci\u00f3 que su concierto de cierre de verano, titulado Cl\u00e1sicos en movimiento, se llevar\u00e1 a cabo el viernes, 15 de agosto, a las 6:00 p.m. y el s\u00e1bado, 16 de agosto, a las&hellip;<\/p>\n<p class=\"more-link-p\"><a class=\"more-link\" href=\"https:\/\/bobvarela.com\/?p=171197\">Read more &rarr;<\/a><\/p>\n","protected":false},"author":1,"featured_media":0,"comment_status":"open","ping_status":"open","sticky":false,"template":"","format":"standard","meta":{"ngg_post_thumbnail":0,"footnotes":""},"categories":[4,295],"tags":[],"class_list":["post-171197","post","type-post","status-publish","format-standard","hentry","category-moda","category-puerto-rico"],"_links":{"self":[{"href":"https:\/\/bobvarela.com\/index.php?rest_route=\/wp\/v2\/posts\/171197","targetHints":{"allow":["GET"]}}],"collection":[{"href":"https:\/\/bobvarela.com\/index.php?rest_route=\/wp\/v2\/posts"}],"about":[{"href":"https:\/\/bobvarela.com\/index.php?rest_route=\/wp\/v2\/types\/post"}],"author":[{"embeddable":true,"href":"https:\/\/bobvarela.com\/index.php?rest_route=\/wp\/v2\/users\/1"}],"replies":[{"embeddable":true,"href":"https:\/\/bobvarela.com\/index.php?rest_route=%2Fwp%2Fv2%2Fcomments&post=171197"}],"version-history":[{"count":1,"href":"https:\/\/bobvarela.com\/index.php?rest_route=\/wp\/v2\/posts\/171197\/revisions"}],"predecessor-version":[{"id":171198,"href":"https:\/\/bobvarela.com\/index.php?rest_route=\/wp\/v2\/posts\/171197\/revisions\/171198"}],"wp:attachment":[{"href":"https:\/\/bobvarela.com\/index.php?rest_route=%2Fwp%2Fv2%2Fmedia&parent=171197"}],"wp:term":[{"taxonomy":"category","embeddable":true,"href":"https:\/\/bobvarela.com\/index.php?rest_route=%2Fwp%2Fv2%2Fcategories&post=171197"},{"taxonomy":"post_tag","embeddable":true,"href":"https:\/\/bobvarela.com\/index.php?rest_route=%2Fwp%2Fv2%2Ftags&post=171197"}],"curies":[{"name":"wp","href":"https:\/\/api.w.org\/{rel}","templated":true}]}}