{"id":17124,"date":"2011-08-28T20:49:00","date_gmt":"2011-08-29T00:49:00","guid":{"rendered":"https:\/\/bobvarela.com\/?p=17124"},"modified":"2011-08-28T21:06:40","modified_gmt":"2011-08-29T01:06:40","slug":"itinerario-puerto-rico-high-fashion-week-sept-2011","status":"publish","type":"post","link":"https:\/\/bobvarela.com\/?p=17124","title":{"rendered":"Itinerario Puerto Rico High Fashion Week Sept. 2011"},"content":{"rendered":"<p align=\"justify\"><var><\/var><font size=\"3\"><\/font><\/p>\n<table border=\"0\" cellspacing=\"0\" cellpadding=\"2\" width=\"651\">\n<tbody>\n<tr>\n<td valign=\"top\" width=\"164\">\n<p><a href=\"https:\/\/bobvarela.com\/wp-content\/uploads\/2011\/08\/clip_image002.jpg\"><img loading=\"lazy\" decoding=\"async\" style=\"background-image: none; border-bottom: 0px; border-left: 0px; padding-left: 0px; padding-right: 0px; display: inline; border-top: 0px; border-right: 0px; padding-top: 0px\" title=\"clip_image002\" border=\"0\" alt=\"clip_image002\" src=\"https:\/\/bobvarela.com\/wp-content\/uploads\/2011\/08\/clip_image002_thumb.jpg\" width=\"178\" height=\"208\" \/><\/a><\/p>\n<\/td>\n<td valign=\"top\" width=\"485\">\n<p align=\"justify\"><font size=\"3\">San Juan, Puerto Rico \u2013 La Junta del <b><i>Puerto Rico High Fashion Week<\/i><\/b> (PRHFW) anunci\u00f3 que el evento nacional de la moda viene en <i>combo agrandado<\/i>. \u201cAdem\u00e1s de contar con una amplia cartera de dise\u00f1adores locales e internacionales, el evento durar\u00e1 cuatro d\u00edas en lugar de los tres a los que estamos acostumbrados. Ser\u00e1n cuatro d\u00edas de intenso movimiento en el que disfrutaremos de las creaciones de los mejores dise\u00f1adores de Venezuela, Colombia, Cuba, Rep\u00fablica Dominicana, Estados Unidos, Par\u00eds y Puerto Rico\u201d, se\u00f1al\u00f3 Caridad Fern\u00e1ndez, presidenta del PRHFW. A continuaci\u00f3n el itinerario oficial de los desfiles de la pr\u00f3xima edici\u00f3n:<\/font><\/p>\n<\/td>\n<\/tr>\n<\/tbody>\n<\/table>\n<p align=\"justify\"><b><font size=\"3\">Mi\u00e9rcoles, 28 de septiembre <\/font><\/b><\/p>\n<p><i><font size=\"3\"><\/font><\/i><\/p>\n<p><b><font size=\"3\">Gran Final Elite Model Look Puerto Rico 2011 <\/font><\/b><b><font size=\"3\">Desfiles de Yanira Maldonado y Jos\u00e9 Karlo<\/font><\/b><\/p>\n<p><font size=\"3\">Abren Puertas: 6:00 PM<\/font><\/p>\n<p><font size=\"3\">Desfile: 6:30 PM<\/font><\/p>\n<p><b><font size=\"3\">The New Generation<\/font><\/b><\/p>\n<p><b><font size=\"3\">Jackie Tejada, Diana V\u00e1zquez, Edzel Giovanni, Richard Cotto, Ghabriello Fernando<\/font><\/b><\/p>\n<p><i><font size=\"3\"><\/font><\/i><\/p>\n<p><font size=\"3\">Abren Puertas: 8:30 PM<\/font><\/p>\n<p><font size=\"3\">Desfile: 9:00 PM<\/font><\/p>\n<p><b><font size=\"3\"><\/font><\/b><\/p>\n<p><b><font size=\"3\"><\/font><\/b><\/p>\n<p><b><font size=\"3\">Jueves, 29 de septiembre <\/font><\/b><\/p>\n<p><b><font size=\"3\">Isabel Toledo<\/font><\/b><\/p>\n<p><font size=\"3\">Abren Puertas: 6:00 PM<\/font><\/p>\n<p><font size=\"3\">Desfile: 7:30 PM<\/font><\/p>\n<p><b><font size=\"3\">David Antonio<\/font><\/b><\/p>\n<p><font size=\"3\">Abren Puertas: 8:30 PM<\/font><\/p>\n<p><font size=\"3\">Desfile: 9:00 PM<\/font><\/p>\n<p><b><font size=\"3\">Jorge Duque \/ Reinaldo \u00c1lvarez (Showcase)<\/font><\/b><\/p>\n<p><font size=\"3\">Abren Puertas: 10:00 PM<\/font><\/p>\n<p><font size=\"3\">Desfile: 10:30 PM<\/font><\/p>\n<p><b><font size=\"3\"><\/font><\/b><\/p>\n<p><b><font size=\"3\">Viernes, 30 de septiembre <\/font><\/b><\/p>\n<p><b><font size=\"3\">Rub\u00e9n Dar\u00edo \/ Mart<var><\/var>a Negr\u00f3n<\/font><\/b><\/p>\n<p><font size=\"3\">Abren Puertas: 2:30 PM<\/font><\/p>\n<p><font size=\"3\">Desfile: 3:00 PM<\/font><\/p>\n<p><b><font size=\"3\">Miguel Genao \/ Giovanni Scutaro (Showcase)<\/font><\/b><\/p>\n<p><font size=\"3\">Abren Puertas: 7:30 PM<\/font><\/p>\n<p><font size=\"3\">Desfile: 8:00 PM<\/font><\/p>\n<p><b><font size=\"3\">Heriberto V\u00e1zquez \/ The New Generation<\/font><\/b><\/p>\n<p><b><font size=\"3\">Nicole De Jes\u00fas, Reynaldo Jos\u00e9, Sof\u00eda Arana, H\u00e9ctor Omar<\/font><\/b><\/p>\n<p><i><font size=\"3\"><\/font><\/i><\/p>\n<p><font size=\"3\">Abren Puertas: 9:00 PM <i><\/i><\/font><\/p>\n<p><font size=\"3\">Desfile: 9:30 PM<\/font><\/p>\n<p><b><font size=\"3\"><\/font><\/b><\/p>\n<p><b><font size=\"3\">S\u00e1bado, 1 de octubre <\/font><\/b><\/p>\n<p><b><font size=\"3\">Graduaci\u00f3n Escuela Artes Pl\u00e1sticas<\/font><\/b><\/p>\n<p><font size=\"3\">Abren Puertas: 2:30 PM<\/font><\/p>\n<p><font size=\"3\">Desfile: 3:00 PM<\/font><\/p>\n<p><b><font size=\"3\">Desfile Plaza Las Am\u00e9ricas<\/font><\/b><\/p>\n<p><font size=\"3\">Abren Puertas: 4:30 PM<\/font><\/p>\n<p><font size=\"3\">Desfile: 5:00 PM<\/font><\/p>\n<p><b><font size=\"3\">Jos\u00e9 Ra\u00fal \/ Magalis Garc\u00eda \/ Jaer Cab\u00e1n (Showcase)<\/font><\/b><\/p>\n<p><font size=\"3\">Abren Puertas: 7:00 PM<\/font><\/p>\n<p><font size=\"3\">Desfile: 7:30 PM<\/font><\/p>\n<p><b><font size=\"3\">Lisa Thon<\/font><\/b><\/p>\n<p><i><font size=\"3\"><\/font><\/i><\/p>\n<p><font size=\"3\">Abren Puertas: 8:30 PM<\/font><\/p>\n<p><font size=\"3\">Desfile: 9:00 PM<\/font><\/p>\n<p><b><font size=\"3\">Eddie Guerrero<\/font><\/b><\/p>\n<p><i><font size=\"3\"><\/font><\/i><\/p>\n<p><font size=\"3\">Abren Puertas: 10:00 PM <var><\/var><\/font><\/p>\n<p><font size=\"3\">Desfile: 10:30 PM<\/font><\/p>\n","protected":false},"excerpt":{"rendered":"<p>San Juan, Puerto Rico \u2013 La Junta del Puerto Rico High Fashion Week (PRHFW) anunci\u00f3 que el evento nacional de la moda viene en combo agrandado. \u201cAdem\u00e1s de contar con una amplia cartera de dise\u00f1adores locales e internacionales, el evento&hellip;<\/p>\n<p class=\"more-link-p\"><a class=\"more-link\" href=\"https:\/\/bobvarela.com\/?p=17124\">Read more &rarr;<\/a><\/p>\n","protected":false},"author":1,"featured_media":0,"comment_status":"open","ping_status":"open","sticky":false,"template":"","format":"standard","meta":{"ngg_post_thumbnail":0,"footnotes":""},"categories":[4,295],"tags":[30],"class_list":["post-17124","post","type-post","status-publish","format-standard","hentry","category-moda","category-puerto-rico","tag-puerto-rico-high-fashion-week"],"_links":{"self":[{"href":"https:\/\/bobvarela.com\/index.php?rest_route=\/wp\/v2\/posts\/17124","targetHints":{"allow":["GET"]}}],"collection":[{"href":"https:\/\/bobvarela.com\/index.php?rest_route=\/wp\/v2\/posts"}],"about":[{"href":"https:\/\/bobvarela.com\/index.php?rest_route=\/wp\/v2\/types\/post"}],"author":[{"embeddable":true,"href":"https:\/\/bobvarela.com\/index.php?rest_route=\/wp\/v2\/users\/1"}],"replies":[{"embeddable":true,"href":"https:\/\/bobvarela.com\/index.php?rest_route=%2Fwp%2Fv2%2Fcomments&post=17124"}],"version-history":[{"count":2,"href":"https:\/\/bobvarela.com\/index.php?rest_route=\/wp\/v2\/posts\/17124\/revisions"}],"predecessor-version":[{"id":17126,"href":"https:\/\/bobvarela.com\/index.php?rest_route=\/wp\/v2\/posts\/17124\/revisions\/17126"}],"wp:attachment":[{"href":"https:\/\/bobvarela.com\/index.php?rest_route=%2Fwp%2Fv2%2Fmedia&parent=17124"}],"wp:term":[{"taxonomy":"category","embeddable":true,"href":"https:\/\/bobvarela.com\/index.php?rest_route=%2Fwp%2Fv2%2Fcategories&post=17124"},{"taxonomy":"post_tag","embeddable":true,"href":"https:\/\/bobvarela.com\/index.php?rest_route=%2Fwp%2Fv2%2Ftags&post=17124"}],"curies":[{"name":"wp","href":"https:\/\/api.w.org\/{rel}","templated":true}]}}