{"id":171274,"date":"2025-08-11T08:50:00","date_gmt":"2025-08-11T12:50:00","guid":{"rendered":"https:\/\/bobvarela.com\/?p=171274"},"modified":"2025-08-11T08:53:03","modified_gmt":"2025-08-11T12:53:03","slug":"objetivo-fama-deslumbra-en-su-segunda-gala-con-emociones-y-giros-inesperados","status":"publish","type":"post","link":"https:\/\/bobvarela.com\/?p=171274","title":{"rendered":"Objetivo Fama deslumbra en su segunda gala con emociones y giros inesperados"},"content":{"rendered":"<p align=\"center\"><span style=\"font-size: medium;\"><a href=\"https:\/\/bobvarela.com\/wp-content\/uploads\/2025\/08\/Gala-2-1-Will-Omar.jpg\"><img loading=\"lazy\" decoding=\"async\" style=\"display: inline; background-image: none;\" title=\"Gala 2-1 Will Omar\" src=\"https:\/\/bobvarela.com\/wp-content\/uploads\/2025\/08\/Gala-2-1-Will-Omar_thumb.jpg\" alt=\"Gala 2-1 Will Omar\" width=\"435\" height=\"292\" border=\"0\"\/><\/a><\/span><\/p>\n<p align=\"justify\"><span style=\"font-size: medium;\">Con la energ\u00eda del p\u00fablico a flor de piel, Objetivo Fama dio inicio a su segunda gala desde el Centro de Bellas Artes de Caguas, ofreciendo una velada que recorri\u00f3 desde la balada y el pop, hasta el ritmo tropical y el urbano.<\/span><\/p>\n<p align=\"justify\"><span style=\"font-size: medium;\">La velada comenz\u00f3 con uno de los momentos m\u00e1s tensos: el anuncio del eliminado de la competencia. Sin embargo, tras una decisi\u00f3n sin precedentes, Rafael y Miguel permanecen rumbo a la final.<\/span><\/p>\n<p align=\"justify\"><span style=\"font-size: medium;\">El repertorio de presentaciones arranc\u00f3 con Yancy interpretando \u201cMi Ex Ten\u00eda Raz\u00f3n\u201d de Karol G, en una presentaci\u00f3n en solitario envuelta en tonos rosados, antes de dar paso a Santiago y Valente, quienes con \u201cYo Quisiera\u201d de Reik envolvieron al p\u00fablico en un aura de romanticismo y conexi\u00f3n emocional.<\/span><\/p>\n<p align=\"center\"><span style=\"font-size: medium;\"><a href=\"https:\/\/bobvarela.com\/wp-content\/uploads\/2025\/08\/Gala-1-84-Will-Omar.jpg\"><img loading=\"lazy\" decoding=\"async\" style=\"display: inline; background-image: none;\" title=\"Gala 1-84 Will Omar\" src=\"https:\/\/bobvarela.com\/wp-content\/uploads\/2025\/08\/Gala-1-84-Will-Omar_thumb.jpg\" alt=\"Gala 1-84 Will Omar\" width=\"443\" height=\"297\" border=\"0\"\/><\/a><\/span><\/p>\n<p align=\"justify\"><span style=\"font-size: medium;\">El ritmo tropical lleg\u00f3 con Ariana, quien con \u201cEntre Tu Cuerpo y el M\u00edo\u201d de Milly Quezada encendi\u00f3 a los presentes. Luego, Alexis y Emmanuel tomaron el escenario con \u201cAdi\u00f3s Amor\u201d de Christian Nodal, en un momento que el p\u00fablico disfrut\u00f3.<\/span><\/p>\n<p align=\"justify\"><span style=\"font-size: medium;\">Taishmara y Gustavo interpretaron \u201cD\u00f3nde Est\u00e1 el Amor\u201d de Pablo Albor\u00e1n y Jesse &amp; Joy, mientras que Noelyz y Kevin Dal\u00ed presentaron \u201cAs\u00ed Es La Vida\u201d de Enrique Iglesias y Mar\u00eda Becerra. Seg\u00fan el jurado, ambas presentaciones requirieron m\u00e1s emoci\u00f3n y conexi\u00f3n esc\u00e9nica.<\/span><\/p>\n<p align=\"justify\"><span style=\"font-size: medium;\">Dionicio y Rafael conquistaron el escenario con \u201cTan Enamorada\u201d de Servando y Florentino, un arreglo urbano-rom\u00e1ntico que explot\u00f3 en qu\u00edmica, energ\u00eda y pasi\u00f3n sobre el escenario.&nbsp; El auditorio entre aplausos y gritos, exclam\u00f3 el atronador \u201c\u00a1Soberbio!\u201d de Roberto Sueiro, coincidiendo con el jurado. Vicky y F\u00e9lix tomaron el escenario con \u201cRecu\u00e9rdame\u201d de La Quinta Estaci\u00f3n y Marc Anthony, envolviendo a todos en una ola de emoci\u00f3n que arranc\u00f3 l\u00e1grimas y una ovaci\u00f3n de pie, sellada con otro contundente \u201c\u00a1Soberbio!\u201d.<\/span><\/p>\n<p align=\"justify\"><span style=\"font-size: medium;\">La intensidad volvi\u00f3 a tomar el escenario con Andrea y Sheila interpretando \u201cQu\u00edtame Ese Hombre del Coraz\u00f3n\u201d de Pilar Montenegro. Cristian y Miguel cautivaron al p\u00fablico con \u201cQue Lloro\u201d de Sin Bandera, conquistando aplausos y conexi\u00f3n visual desde las butacas.<\/span><\/p>\n<p align=\"center\"><span style=\"font-size: medium;\"><a href=\"https:\/\/bobvarela.com\/wp-content\/uploads\/2025\/08\/Gala-2-163-Will-Omar.jpg\"><img loading=\"lazy\" decoding=\"async\" style=\"display: inline; background-image: none;\" title=\"Gala 2-163 Will Omar\" src=\"https:\/\/bobvarela.com\/wp-content\/uploads\/2025\/08\/Gala-2-163-Will-Omar_thumb.jpg\" alt=\"Gala 2-163 Will Omar\" width=\"471\" height=\"316\" border=\"0\"\/><\/a><\/span><\/p>\n<p align=\"justify\"><span style=\"font-size: medium;\">Gala y Genoveva desbordaron pasi\u00f3n con \u201cCosas del Amor\u201d de Ana Gabriel y Vikki Carr.<\/span><\/p>\n<p align=\"justify\"><span style=\"font-size: medium;\">Como parte de la velada, Ken Y se uni\u00f3 al jurado de la noche e interpret\u00f3 su \u00e9xito \u201cLa Ex\u201d.<\/span><\/p>\n<p align=\"justify\"><span style=\"font-size: medium;\">Los jueces otorgaron la inmunidad a Valente, mientras que anunciaron a Genoveva, Santiago y Noelyz como los nominados de la semana.<\/span><\/p>\n<p align=\"justify\"><span style=\"font-size: medium;\">Noelyz, result\u00f3 salvada gracias al apoyo del p\u00fablico en vivo a trav\u00e9s de las votaciones.<\/span><\/p>\n<p align=\"center\"><span style=\"font-size: medium;\"><a href=\"https:\/\/bobvarela.com\/wp-content\/uploads\/2025\/08\/Gala-2-162-Will-Omar.jpg\"><img loading=\"lazy\" decoding=\"async\" style=\"display: inline; background-image: none;\" title=\"Gala 2-162 Will Omar\" src=\"https:\/\/bobvarela.com\/wp-content\/uploads\/2025\/08\/Gala-2-162-Will-Omar_thumb.jpg\" alt=\"Gala 2-162 Will Omar\" width=\"452\" height=\"303\" border=\"0\"\/><\/a><\/span><\/p>\n<p align=\"justify\"><span style=\"font-size: medium;\">La permanencia de los nominados est\u00e1 en manos de los televidentes, que pueden votar por su favorito hasta el jueves a las 7:00pm en <\/span><a href=\"http:\/\/objetivofama.net\/\"><span style=\"font-size: medium;\">objetivofama.net<\/span><\/a><span style=\"font-size: medium;\">.<\/span><\/p>\n<p align=\"justify\"><span style=\"font-size: medium;\">La pr\u00f3xima semana la producci\u00f3n contar\u00e1 con Christian Alicea como invitado especial.<\/span><\/p>\n<p><span style=\"font-size: medium;\">ngg_shortcode_0_placeholder<\/span><\/p>\n","protected":false},"excerpt":{"rendered":"<p>Con la energ\u00eda del p\u00fablico a flor de piel, Objetivo Fama dio inicio a su segunda gala desde el Centro de Bellas Artes de Caguas, ofreciendo una velada que recorri\u00f3 desde la balada y el pop, hasta el ritmo tropical&hellip;<\/p>\n<p class=\"more-link-p\"><a class=\"more-link\" href=\"https:\/\/bobvarela.com\/?p=171274\">Read more &rarr;<\/a><\/p>\n","protected":false},"author":1,"featured_media":0,"comment_status":"open","ping_status":"open","sticky":false,"template":"","format":"standard","meta":{"ngg_post_thumbnail":0,"footnotes":""},"categories":[3,127],"tags":[],"class_list":["post-171274","post","type-post","status-publish","format-standard","hentry","category-actividades","category-musica"],"_links":{"self":[{"href":"https:\/\/bobvarela.com\/index.php?rest_route=\/wp\/v2\/posts\/171274","targetHints":{"allow":["GET"]}}],"collection":[{"href":"https:\/\/bobvarela.com\/index.php?rest_route=\/wp\/v2\/posts"}],"about":[{"href":"https:\/\/bobvarela.com\/index.php?rest_route=\/wp\/v2\/types\/post"}],"author":[{"embeddable":true,"href":"https:\/\/bobvarela.com\/index.php?rest_route=\/wp\/v2\/users\/1"}],"replies":[{"embeddable":true,"href":"https:\/\/bobvarela.com\/index.php?rest_route=%2Fwp%2Fv2%2Fcomments&post=171274"}],"version-history":[{"count":2,"href":"https:\/\/bobvarela.com\/index.php?rest_route=\/wp\/v2\/posts\/171274\/revisions"}],"predecessor-version":[{"id":171276,"href":"https:\/\/bobvarela.com\/index.php?rest_route=\/wp\/v2\/posts\/171274\/revisions\/171276"}],"wp:attachment":[{"href":"https:\/\/bobvarela.com\/index.php?rest_route=%2Fwp%2Fv2%2Fmedia&parent=171274"}],"wp:term":[{"taxonomy":"category","embeddable":true,"href":"https:\/\/bobvarela.com\/index.php?rest_route=%2Fwp%2Fv2%2Fcategories&post=171274"},{"taxonomy":"post_tag","embeddable":true,"href":"https:\/\/bobvarela.com\/index.php?rest_route=%2Fwp%2Fv2%2Ftags&post=171274"}],"curies":[{"name":"wp","href":"https:\/\/api.w.org\/{rel}","templated":true}]}}