{"id":171346,"date":"2025-08-14T09:26:23","date_gmt":"2025-08-14T13:26:23","guid":{"rendered":"https:\/\/bobvarela.com\/?p=171346"},"modified":"2025-08-14T09:26:23","modified_gmt":"2025-08-14T13:26:23","slug":"desfile-de-moda-primavera-verano-2026-de-baum-und-pferdgarten","status":"publish","type":"post","link":"https:\/\/bobvarela.com\/?p=171346","title":{"rendered":"Desfile de moda Primavera Verano 2026 de Baum und Pferdgarten"},"content":{"rendered":"<p align=\"justify\"><font size=\"3\">El 6 de agosto de 2025, la casa de moda danesa Baum und Pferdgarten present\u00f3 su colecci\u00f3n Primavera Verano 2026, Notes from the Grandstand, durante la Semana de la Moda de Copenhague. Con el tel\u00f3n de fondo hist\u00f3rico de Charlottenlund Travbane, el hip\u00f3dromo m\u00e1s antiguo de los pa\u00edses n\u00f3rdicos, la presentaci\u00f3n ofreci\u00f3 una narrativa visualmente convincente arraigada en la tradici\u00f3n ecuestre y el contraste contempor\u00e1neo.<\/font><\/p>\n<p><font size=\"3\"><\/p>\n<p align=\"justify\"><font size=\"3\"><\/font><\/p>\n<p><\/font><\/p>\n<p align=\"justify\"><font size=\"3\"><\/font><font size=\"3\">La colecci\u00f3n, dise\u00f1ada por las directoras creativas Rikke Baumgarten y Helle Hestehave, explora la dualidad de la actuaci\u00f3n y el boato a trav\u00e9s de una lente inspirada en el Derby. Inspir\u00e1ndose tanto en la est\u00e9tica funcional de los uniformes de los jinetes como en los sofisticados c\u00f3digos de vestimenta de los espectadores del d\u00eda de la carrera, Notes from the Grandstand juega con la tensi\u00f3n entre la utilidad y la elegancia.<\/font><\/p>\n<p align=\"justify\"><font size=\"3\"><\/font><font size=\"3\"><\/font><font size=\"3\">Las referencias deportivas se manifiestan claramente en bloques de color n\u00edtidos, nailon a rayas y siluetas audaces, haci\u00e9ndose eco del atuendo pr\u00e1ctico y reconocible de los jinetes. Estos se suavizan y contrarrestan con delicados volantes en la ropa de abrigo, adornos de encaje vintage y blusas suavemente drapeadas, introduciendo una dimensi\u00f3n rom\u00e1ntica que hace un gui\u00f1o al estilo ecuestre tradicional.<\/font><\/p>\n<p align=\"justify\"><font size=\"3\">La paleta de la colecci\u00f3n oscila entre contrastes vivos y pasteles m\u00e1s suaves, con rosas empolvados y estampados de leopardo que contribuyen a una visi\u00f3n ecl\u00e9ctica pero cohesiva. Los accesorios de gamuza sint\u00e9tica, los adornos de roseta de caballo y los vestidos de cintura ca\u00edda profundizan la narrativa, mezclando motivos nost\u00e1lgicos con sastrer\u00eda contempor\u00e1nea. Mientras tanto, la inclusi\u00f3n de elementos de piel sint\u00e9tica y estampados modernos refleja el continuo inter\u00e9s de Baum und Pferdgarten por la reinvenci\u00f3n y el vanguardismo.<\/font><\/p>\n<p align=\"justify\"><font size=\"3\">El desfile, organizado en los establos y las \u00e1reas de pista de Charlottenlund, hizo que el concepto cobrara vida con inmediatez y profundidad. La ubicaci\u00f3n, impregnada de herencia de carreras n\u00f3rdicas, amplific\u00f3 las conexiones personales de los dise\u00f1adores con los caballos y las pistas de carreras, temas que est\u00e1n \u00edntimamente entretejidos en el ADN de la marca.<\/font><\/p>\n<p><font size=\"3\"><\/p>\n<p align=\"justify\"><font size=\"3\"><\/font><\/p>\n<p><\/font><\/p>\n<p align=\"justify\"><font size=\"3\"><\/font><font size=\"3\">Un elenco diverso de modelos y rostros familiares caminaron por la pasarela, incluidos Anaa Saber, Emma Rosenzweig, Eddie Klint, Bibi Abdulkadir y Boy Ewald. Los detalles de estilo se ejecutaron con nitidez, con el cabello de Oribe y el maquillaje de M.A.C. Cosmetics Nordics, completando la est\u00e9tica pulida pero l\u00fadica de la colecci\u00f3n.<\/font><\/p>\n<p align=\"justify\"><font size=\"3\"><\/font><font size=\"3\"><\/font><font size=\"3\">Adem\u00e1s de la l\u00ednea completa de temporada, el desfile incluy\u00f3 el debut de una camiseta exclusiva de la pasarela, una pieza de edici\u00f3n limitada disponible para su compra inmediata a trav\u00e9s de la tienda web de Baum und Pferdgarten y la tienda insignia de Copenhague, lo que subraya el compromiso de la marca con la accesibilidad dentro de la alta costura.<\/font><\/p>\n<p align=\"justify\"><font size=\"3\">Notes from the Grandstand posiciona a Baum und Pferdgarten una vez m\u00e1s a la vanguardia de la escena de la moda de Copenhague, ofreciendo una colecci\u00f3n que captura no solo la elegancia de vestir, sino tambi\u00e9n el movimiento, la memoria y la emoci\u00f3n detr\u00e1s de ella.<\/font><\/p>\n<p align=\"justify\"><font size=\"3\">ngg_shortcode_0_placeholder<\/font><\/p>\n<p><font size=\"3\"><\/font><\/p>\n","protected":false},"excerpt":{"rendered":"<p>El 6 de agosto de 2025, la casa de moda danesa Baum und Pferdgarten present\u00f3 su colecci\u00f3n Primavera Verano 2026, Notes from the Grandstand, durante la Semana de la Moda de Copenhague. Con el tel\u00f3n de fondo hist\u00f3rico de Charlottenlund&hellip;<\/p>\n<p class=\"more-link-p\"><a class=\"more-link\" href=\"https:\/\/bobvarela.com\/?p=171346\">Read more &rarr;<\/a><\/p>\n","protected":false},"author":1,"featured_media":0,"comment_status":"open","ping_status":"open","sticky":false,"template":"","format":"standard","meta":{"ngg_post_thumbnail":0,"footnotes":""},"categories":[4],"tags":[],"class_list":["post-171346","post","type-post","status-publish","format-standard","hentry","category-moda"],"_links":{"self":[{"href":"https:\/\/bobvarela.com\/index.php?rest_route=\/wp\/v2\/posts\/171346","targetHints":{"allow":["GET"]}}],"collection":[{"href":"https:\/\/bobvarela.com\/index.php?rest_route=\/wp\/v2\/posts"}],"about":[{"href":"https:\/\/bobvarela.com\/index.php?rest_route=\/wp\/v2\/types\/post"}],"author":[{"embeddable":true,"href":"https:\/\/bobvarela.com\/index.php?rest_route=\/wp\/v2\/users\/1"}],"replies":[{"embeddable":true,"href":"https:\/\/bobvarela.com\/index.php?rest_route=%2Fwp%2Fv2%2Fcomments&post=171346"}],"version-history":[{"count":1,"href":"https:\/\/bobvarela.com\/index.php?rest_route=\/wp\/v2\/posts\/171346\/revisions"}],"predecessor-version":[{"id":171347,"href":"https:\/\/bobvarela.com\/index.php?rest_route=\/wp\/v2\/posts\/171346\/revisions\/171347"}],"wp:attachment":[{"href":"https:\/\/bobvarela.com\/index.php?rest_route=%2Fwp%2Fv2%2Fmedia&parent=171346"}],"wp:term":[{"taxonomy":"category","embeddable":true,"href":"https:\/\/bobvarela.com\/index.php?rest_route=%2Fwp%2Fv2%2Fcategories&post=171346"},{"taxonomy":"post_tag","embeddable":true,"href":"https:\/\/bobvarela.com\/index.php?rest_route=%2Fwp%2Fv2%2Ftags&post=171346"}],"curies":[{"name":"wp","href":"https:\/\/api.w.org\/{rel}","templated":true}]}}