{"id":171363,"date":"2025-08-15T13:22:12","date_gmt":"2025-08-15T17:22:12","guid":{"rendered":"https:\/\/bobvarela.com\/?p=171363"},"modified":"2025-08-15T13:22:12","modified_gmt":"2025-08-15T17:22:12","slug":"san-juan-moda-presenta-su-upfront-lujo-silencioso","status":"publish","type":"post","link":"https:\/\/bobvarela.com\/?p=171363","title":{"rendered":"San Juan Moda presenta su &ldquo;Upfront: Lujo Silencioso&rdquo;"},"content":{"rendered":"<p align=\"center\"><a href=\"https:\/\/bobvarela.com\/wp-content\/uploads\/2025\/08\/Photo-Aug-13-2025-9-38-52-PM.jpg\"><img loading=\"lazy\" decoding=\"async\" width=\"421\" height=\"283\" title=\"Photo Aug 13 2025, 9 38 52 PM\" style=\"display: inline; background-image: none;\" alt=\"Photo Aug 13 2025, 9 38 52 PM\" src=\"https:\/\/bobvarela.com\/wp-content\/uploads\/2025\/08\/Photo-Aug-13-2025-9-38-52-PM_thumb.jpg\" border=\"0\"\/><\/a><\/p>\n<p align=\"justify\"><font size=\"3\">San Juan Moda present\u00f3 su esperado Upfront: Lujo Silencioso, revelando la ambiciosa agenda que marcar\u00e1 la pr\u00f3xima temporada de la moda en Puerto Rico y proyectar\u00e1 su talento a nivel internacional.<\/font><\/p>\n<p align=\"justify\"><font size=\"3\">El concepto \u201cLujo Silencioso\u201d fue elegido como hilo conductor de esta temporada por representar una tendencia global que conecta con la esencia de San Juan Moda.&nbsp; Un estilo atemporal que habla por s\u00ed mismo y que refleja la madurez y solidez de la moda puertorrique\u00f1a.<\/font><\/p>\n<p align=\"center\"><font size=\"3\"><a href=\"https:\/\/bobvarela.com\/wp-content\/uploads\/2025\/08\/Photo-Aug-13-2025-9-14-24-PM.jpg\"><img loading=\"lazy\" decoding=\"async\" width=\"461\" height=\"309\" title=\"Photo Aug 13 2025, 9 14 24 PM\" style=\"display: inline; background-image: none;\" alt=\"Photo Aug 13 2025, 9 14 24 PM\" src=\"https:\/\/bobvarela.com\/wp-content\/uploads\/2025\/08\/Photo-Aug-13-2025-9-14-24-PM_thumb.jpg\" border=\"0\"\/><\/a><\/font><\/p>\n<p align=\"justify\"><font size=\"3\">En una velada en La Casa de Rones en el Viejo San Juan donde los invitados llevaban un toque rosado, se adelant\u00f3 que del 22 al 28 de septiembre La Semana de la Moda de San Juan Moda ser\u00e1 el coraz\u00f3n de la programaci\u00f3n e incluir\u00e1 un D\u00eda de Novias, desfiles dedicados a moda talla grande by Mar\u00eda Mar\u00eda, el esperado San Juan Moda Kids, los Classic Models by Caridad Fern\u00e1ndez y estrenan la plataforma PeErre Moda enfocada en propuestas urbanas y contempor\u00e1neas.<\/font><\/p>\n<p align=\"center\"><a href=\"https:\/\/bobvarela.com\/wp-content\/uploads\/2025\/08\/Photo-Aug-13-2025-9-18-44-PM.jpg\"><img loading=\"lazy\" decoding=\"async\" width=\"437\" height=\"293\" title=\"Photo Aug 13 2025, 9 18 44 PM\" style=\"display: inline; background-image: none;\" alt=\"Photo Aug 13 2025, 9 18 44 PM\" src=\"https:\/\/bobvarela.com\/wp-content\/uploads\/2025\/08\/Photo-Aug-13-2025-9-18-44-PM_thumb.jpg\" border=\"0\"\/><\/a><\/p>\n<p align=\"justify\"><font size=\"3\">\u201cDurante 12 a\u00f1os, San Juan Moda ha sido el escenario que impulsa, proyecta y posiciona a los m\u00e1s destacados dise\u00f1adores en la industria local e internacional. Con \u2018Lujo Silencioso\u2019, seguimos demostrando que la moda puertorrique\u00f1a tiene una voz propia que trasciende fronteras\u201d, expres\u00f3 Carlos Berm\u00fadez, presidente y fundador de San Juan Moda.<\/font><\/p>\n<p align=\"center\"><a href=\"https:\/\/bobvarela.com\/wp-content\/uploads\/2025\/08\/Photo-Aug-13-2025-9-19-06-PM.jpg\"><img loading=\"lazy\" decoding=\"async\" width=\"426\" height=\"286\" title=\"Photo Aug 13 2025, 9 19 06 PM\" style=\"display: inline; background-image: none;\" alt=\"Photo Aug 13 2025, 9 19 06 PM\" src=\"https:\/\/bobvarela.com\/wp-content\/uploads\/2025\/08\/Photo-Aug-13-2025-9-19-06-PM_thumb.jpg\" border=\"0\"\/><\/a><\/p>\n<p align=\"justify\"><font size=\"3\">A esto se suma el Primer Puerto Rico Fashion Summit un encuentro de tendencias y negocios que unir\u00e1 a directores de plataformas de moda de 10 pa\u00edses. Del 22-25 de octubre se Incluir\u00e1 talleres educativos, la presentaci\u00f3n de un dise\u00f1ador internacional y finaliza con una gala el 25 de octubre organizada por Wilnelia Merced. Asimismo, se anunci\u00f3 la cuarta edici\u00f3n del reality show \u201cRevelaci\u00f3n Moda\u201d, que descubrir\u00e1 nuevos talentos; y una agenda internacional que llevar\u00e1 a dise\u00f1adores puertorrique\u00f1os a presentaciones exclusivas en Rep\u00fablica Dominicana, M\u00e9xico y Miami.<\/font><\/p>\n","protected":false},"excerpt":{"rendered":"<p>San Juan Moda present\u00f3 su esperado Upfront: Lujo Silencioso, revelando la ambiciosa agenda que marcar\u00e1 la pr\u00f3xima temporada de la moda en Puerto Rico y proyectar\u00e1 su talento a nivel internacional. El concepto \u201cLujo Silencioso\u201d fue elegido como hilo conductor&hellip;<\/p>\n<p class=\"more-link-p\"><a class=\"more-link\" href=\"https:\/\/bobvarela.com\/?p=171363\">Read more &rarr;<\/a><\/p>\n","protected":false},"author":1,"featured_media":0,"comment_status":"open","ping_status":"open","sticky":false,"template":"","format":"standard","meta":{"ngg_post_thumbnail":0,"footnotes":""},"categories":[4,295],"tags":[],"class_list":["post-171363","post","type-post","status-publish","format-standard","hentry","category-moda","category-puerto-rico"],"_links":{"self":[{"href":"https:\/\/bobvarela.com\/index.php?rest_route=\/wp\/v2\/posts\/171363","targetHints":{"allow":["GET"]}}],"collection":[{"href":"https:\/\/bobvarela.com\/index.php?rest_route=\/wp\/v2\/posts"}],"about":[{"href":"https:\/\/bobvarela.com\/index.php?rest_route=\/wp\/v2\/types\/post"}],"author":[{"embeddable":true,"href":"https:\/\/bobvarela.com\/index.php?rest_route=\/wp\/v2\/users\/1"}],"replies":[{"embeddable":true,"href":"https:\/\/bobvarela.com\/index.php?rest_route=%2Fwp%2Fv2%2Fcomments&post=171363"}],"version-history":[{"count":1,"href":"https:\/\/bobvarela.com\/index.php?rest_route=\/wp\/v2\/posts\/171363\/revisions"}],"predecessor-version":[{"id":171364,"href":"https:\/\/bobvarela.com\/index.php?rest_route=\/wp\/v2\/posts\/171363\/revisions\/171364"}],"wp:attachment":[{"href":"https:\/\/bobvarela.com\/index.php?rest_route=%2Fwp%2Fv2%2Fmedia&parent=171363"}],"wp:term":[{"taxonomy":"category","embeddable":true,"href":"https:\/\/bobvarela.com\/index.php?rest_route=%2Fwp%2Fv2%2Fcategories&post=171363"},{"taxonomy":"post_tag","embeddable":true,"href":"https:\/\/bobvarela.com\/index.php?rest_route=%2Fwp%2Fv2%2Ftags&post=171363"}],"curies":[{"name":"wp","href":"https:\/\/api.w.org\/{rel}","templated":true}]}}