{"id":171480,"date":"2025-08-19T09:50:50","date_gmt":"2025-08-19T13:50:50","guid":{"rendered":"https:\/\/bobvarela.com\/?p=171480"},"modified":"2025-08-19T09:50:50","modified_gmt":"2025-08-19T13:50:50","slug":"subastan-mscaras-creadas-por-seis-diseadores-puertorriqueos-en-el-mall-of-san-juan-a-beneficio-de-la-orquesta-sinfnica-de-puerto-rico","status":"publish","type":"post","link":"https:\/\/bobvarela.com\/?p=171480","title":{"rendered":"Subastan m&aacute;scaras creadas por seis dise&ntilde;adores puertorrique&ntilde;os en el Mall of San Juan a beneficio de la Orquesta Sinf&oacute;nica de Puerto Rico"},"content":{"rendered":"<p align=\"center\"><font size=\"3\"><a href=\"https:\/\/bobvarela.com\/wp-content\/uploads\/2025\/08\/ComiteGala_MelissaSantana_AnaMellado_LeonardoCordero_JulioVergne.jpg\"><img loading=\"lazy\" decoding=\"async\" width=\"386\" height=\"259\" title=\"ComiteGala_MelissaSantana_AnaMellado_LeonardoCordero_JulioVergne\" style=\"display: inline; background-image: none;\" alt=\"ComiteGala_MelissaSantana_AnaMellado_LeonardoCordero_JulioVergne\" src=\"https:\/\/bobvarela.com\/wp-content\/uploads\/2025\/08\/ComiteGala_MelissaSantana_AnaMellado_LeonardoCordero_JulioVergne_thumb.jpg\" border=\"0\"\/><\/a><\/font><\/p>\n<p align=\"justify\"><font size=\"3\">Como antesala a la Segunda Gala Anual &#8220;Fantas\u00eda de M\u00e1scaras&#8221;, a beneficio de la Orquesta Sinf\u00f3nica de Puerto Rico (OSPR), el p\u00fablico tendr\u00e1 la oportunidad de apreciar y participar de la Subasta Silente &#8220;M\u00e1scaras de Colecci\u00f3n&#8221;, que se lleva a cabo en el atrio central del Mall of San Juan hasta el 31 de agosto. Como parte de esta iniciativa, la OSPR tambi\u00e9n ofrecer\u00e1 un concierto gratuito en el mismo atrio este jueves, 21 de agosto, a las 7:00 p.m.<\/font><\/p>\n<p align=\"center\"><font size=\"3\"><a href=\"https:\/\/bobvarela.com\/wp-content\/uploads\/2025\/08\/GustavoArango_frenteAsuMascara.jpg\"><img loading=\"lazy\" decoding=\"async\" width=\"164\" height=\"244\" title=\"GustavoArango_frenteAsuMascara\" style=\"margin: 0px; display: inline; background-image: none;\" alt=\"GustavoArango_frenteAsuMascara\" src=\"https:\/\/bobvarela.com\/wp-content\/uploads\/2025\/08\/GustavoArango_frenteAsuMascara_thumb.jpg\" border=\"0\"\/><\/a><a href=\"https:\/\/bobvarela.com\/wp-content\/uploads\/2025\/08\/CarlotAlfaro_frenteAsuMascara.jpg\"><img loading=\"lazy\" decoding=\"async\" width=\"164\" height=\"244\" title=\"CarlotAlfaro_frenteAsuMascara\" style=\"display: inline; background-image: none;\" alt=\"CarlotAlfaro_frenteAsuMascara\" src=\"https:\/\/bobvarela.com\/wp-content\/uploads\/2025\/08\/CarlotAlfaro_frenteAsuMascara_thumb.jpg\" border=\"0\"\/><\/a><\/font><\/p>\n<p align=\"justify\"><font size=\"3\">La exhibici\u00f3n presenta el talento y la creatividad de seis reconocidos dise\u00f1adores puertorrique\u00f1os: Carlota Alfaro, Eddie Guerrero, Gustavo Arango, Harry Robles, Jean Cintr\u00f3n y Leonardo Cordero, quienes confeccionaron impresionantes m\u00e1scaras con el sello \u00fanico de cada uno, especialmente para esta ocasi\u00f3n. Se invita a coleccionistas y amantes del arte a sumarse a esta iniciativa y contribuir a una noble causa. Las personas podr\u00e1n participar entrando a un enlace a trav\u00e9s de un c\u00f3digo QR disponible en las vitrinas donde est\u00e1n ubicadas las piezas, y quienes resulten ganadores ser\u00e1n notificados al concluir el periodo de subasta.<\/font><\/p>\n<p align=\"center\"><font size=\"3\"><a href=\"https:\/\/bobvarela.com\/wp-content\/uploads\/2025\/08\/LeonardoCordero_frenteAsuMascara.jpg\"><img loading=\"lazy\" decoding=\"async\" width=\"244\" height=\"164\" title=\"LeonardoCordero_frenteAsuMascara\" style=\"margin: 0px; display: inline; background-image: none;\" alt=\"LeonardoCordero_frenteAsuMascara\" src=\"https:\/\/bobvarela.com\/wp-content\/uploads\/2025\/08\/LeonardoCordero_frenteAsuMascara_thumb.jpg\" border=\"0\"\/><\/a><a href=\"https:\/\/bobvarela.com\/wp-content\/uploads\/2025\/08\/JeanCintron_frenteAsuMascara.jpg\"><img loading=\"lazy\" decoding=\"async\" width=\"244\" height=\"164\" title=\"JeanCintron_frenteAsuMascara\" style=\"display: inline; background-image: none;\" alt=\"JeanCintron_frenteAsuMascara\" src=\"https:\/\/bobvarela.com\/wp-content\/uploads\/2025\/08\/JeanCintron_frenteAsuMascara_thumb.jpg\" border=\"0\"\/><\/a><\/font><\/p>\n<p align=\"justify\"><font size=\"3\">Las m\u00e1scaras presentadas re\u00fanen una gran diversidad de estilos y visiones art\u00edsticas. Carlota Alfaro aporta dramatismo con un dise\u00f1o turquesa adornado con pedrer\u00eda, plumas y borlas de cristal, mientras Eddie Guerrero evoca la tradici\u00f3n veneciana con una pieza en blanco perlado, negro y oro coronada por plumas negras y picos dorados. Por su parte, Gustavo Arango transforma el antifaz en una obra escult\u00f3rica de tul y encaje negro con flecos y lentejuelas, en contraste con la propuesta p\u00farpura met\u00e1lica de Harry Robles, que combina pedrer\u00eda, encaje y flecos en un dise\u00f1o de alas estilizadas. Asimismo, Jean Cintr\u00f3n ofrece una pieza et\u00e9rea en tul transl\u00facido con bordados y estructuras on\u00edricas, y Leonardo Cordero completa la colecci\u00f3n con un elegante d\u00fao de m\u00e1scaras plateadas para pareja, impregnadas de misterio y refinamiento veneciano.<\/font><\/p>\n<p align=\"center\"><font size=\"3\"><a href=\"https:\/\/bobvarela.com\/wp-content\/uploads\/2025\/08\/Mascara_GustavoArango.jpg\"><img loading=\"lazy\" decoding=\"async\" width=\"164\" height=\"244\" title=\"Mascara_GustavoArango\" style=\"margin: 0px; display: inline; background-image: none;\" alt=\"Mascara_GustavoArango\" src=\"https:\/\/bobvarela.com\/wp-content\/uploads\/2025\/08\/Mascara_GustavoArango_thumb.jpg\" border=\"0\"\/><\/a><a href=\"https:\/\/bobvarela.com\/wp-content\/uploads\/2025\/08\/Mascara_CarlotaAlfaro.jpg\"><img loading=\"lazy\" decoding=\"async\" width=\"164\" height=\"244\" title=\"Mascara_CarlotaAlfaro\" style=\"margin: 0px; display: inline; background-image: none;\" alt=\"Mascara_CarlotaAlfaro\" src=\"https:\/\/bobvarela.com\/wp-content\/uploads\/2025\/08\/Mascara_CarlotaAlfaro_thumb.jpg\" border=\"0\"\/><\/a><a href=\"https:\/\/bobvarela.com\/wp-content\/uploads\/2025\/08\/Mascara_EddieGuerrero.jpg\"><img loading=\"lazy\" decoding=\"async\" width=\"164\" height=\"244\" title=\"Mascara_EddieGuerrero\" style=\"display: inline; background-image: none;\" alt=\"Mascara_EddieGuerrero\" src=\"https:\/\/bobvarela.com\/wp-content\/uploads\/2025\/08\/Mascara_EddieGuerrero_thumb.jpg\" border=\"0\"\/><\/a><\/font><\/p>\n<p align=\"justify\"><font size=\"3\">Los recaudos obtenidos se destinar\u00e1n a fortalecer la misi\u00f3n de la OSPR mediante la expansi\u00f3n de sus programas educativos, el apoyo a su continuidad y autosustentabilidad, el aumento de su programaci\u00f3n gratuita en municipios alrededor del archipi\u00e9lago, y la promoci\u00f3n de su historia y legado a nivel local e internacional.<\/font><\/p>\n<p align=\"center\"><font size=\"3\"><a href=\"https:\/\/bobvarela.com\/wp-content\/uploads\/2025\/08\/Mascara_HarryRobles.jpg\"><img loading=\"lazy\" decoding=\"async\" width=\"164\" height=\"244\" title=\"Mascara_HarryRobles\" style=\"margin: 0px; display: inline; background-image: none;\" alt=\"Mascara_HarryRobles\" src=\"https:\/\/bobvarela.com\/wp-content\/uploads\/2025\/08\/Mascara_HarryRobles_thumb-1.jpg\" border=\"0\"\/><\/a><a href=\"https:\/\/bobvarela.com\/wp-content\/uploads\/2025\/08\/Mascara_JeanCintron.jpg\"><img loading=\"lazy\" decoding=\"async\" width=\"164\" height=\"244\" title=\"Mascara_JeanCintron\" style=\"margin: 0px; display: inline; background-image: none;\" alt=\"Mascara_JeanCintron\" src=\"https:\/\/bobvarela.com\/wp-content\/uploads\/2025\/08\/Mascara_JeanCintron_thumb.jpg\" border=\"0\"\/><\/a><a href=\"https:\/\/bobvarela.com\/wp-content\/uploads\/2025\/08\/Mascara_LeonardoCordero.jpg\"><img loading=\"lazy\" decoding=\"async\" width=\"164\" height=\"244\" title=\"Mascara_LeonardoCordero\" style=\"display: inline; background-image: none;\" alt=\"Mascara_LeonardoCordero\" src=\"https:\/\/bobvarela.com\/wp-content\/uploads\/2025\/08\/Mascara_LeonardoCordero_thumb.jpg\" border=\"0\"\/><\/a><\/font><\/p>\n<p align=\"justify\"><font size=\"3\">La segunda gala anual a beneficio de la OSPR, \u201cFantas\u00eda de M\u00e1scaras\u201d, se celebrar\u00e1 el s\u00e1bado, 6 de septiembre, en el legendario Fairmont El San Juan Hotel en Isla Verde. Inspirada en el Carnaval de Venecia y en obras de m\u00fasica cl\u00e1sica relacionadas con el tema de las m\u00e1scaras, la gala ofrecer\u00e1 una experiencia \u00fanica que integrar\u00e1 m\u00fasica, arte, moda y gastronom\u00eda para una velada inolvidable.<\/font><\/p>\n","protected":false},"excerpt":{"rendered":"<p>Como antesala a la Segunda Gala Anual &#8220;Fantas\u00eda de M\u00e1scaras&#8221;, a beneficio de la Orquesta Sinf\u00f3nica de Puerto Rico (OSPR), el p\u00fablico tendr\u00e1 la oportunidad de apreciar y participar de la Subasta Silente &#8220;M\u00e1scaras de Colecci\u00f3n&#8221;, que se lleva a&hellip;<\/p>\n<p class=\"more-link-p\"><a class=\"more-link\" href=\"https:\/\/bobvarela.com\/?p=171480\">Read more &rarr;<\/a><\/p>\n","protected":false},"author":1,"featured_media":0,"comment_status":"open","ping_status":"open","sticky":false,"template":"","format":"standard","meta":{"ngg_post_thumbnail":0,"footnotes":""},"categories":[3,4,295],"tags":[],"class_list":["post-171480","post","type-post","status-publish","format-standard","hentry","category-actividades","category-moda","category-puerto-rico"],"_links":{"self":[{"href":"https:\/\/bobvarela.com\/index.php?rest_route=\/wp\/v2\/posts\/171480","targetHints":{"allow":["GET"]}}],"collection":[{"href":"https:\/\/bobvarela.com\/index.php?rest_route=\/wp\/v2\/posts"}],"about":[{"href":"https:\/\/bobvarela.com\/index.php?rest_route=\/wp\/v2\/types\/post"}],"author":[{"embeddable":true,"href":"https:\/\/bobvarela.com\/index.php?rest_route=\/wp\/v2\/users\/1"}],"replies":[{"embeddable":true,"href":"https:\/\/bobvarela.com\/index.php?rest_route=%2Fwp%2Fv2%2Fcomments&post=171480"}],"version-history":[{"count":1,"href":"https:\/\/bobvarela.com\/index.php?rest_route=\/wp\/v2\/posts\/171480\/revisions"}],"predecessor-version":[{"id":171481,"href":"https:\/\/bobvarela.com\/index.php?rest_route=\/wp\/v2\/posts\/171480\/revisions\/171481"}],"wp:attachment":[{"href":"https:\/\/bobvarela.com\/index.php?rest_route=%2Fwp%2Fv2%2Fmedia&parent=171480"}],"wp:term":[{"taxonomy":"category","embeddable":true,"href":"https:\/\/bobvarela.com\/index.php?rest_route=%2Fwp%2Fv2%2Fcategories&post=171480"},{"taxonomy":"post_tag","embeddable":true,"href":"https:\/\/bobvarela.com\/index.php?rest_route=%2Fwp%2Fv2%2Ftags&post=171480"}],"curies":[{"name":"wp","href":"https:\/\/api.w.org\/{rel}","templated":true}]}}